{"id":888,"date":"2012-04-03T07:23:39","date_gmt":"2012-04-03T06:23:39","guid":{"rendered":"http:\/\/petertauber.wordpress.com\/?p=888"},"modified":"2017-02-16T09:31:29","modified_gmt":"2017-02-16T09:31:29","slug":"das-cnetz-und-die-ersten-reaktionen","status":"publish","type":"post","link":"https:\/\/blog.petertauber.de\/?p=888","title":{"rendered":"Das cnetz und die ersten Reaktionen"},"content":{"rendered":"<p>Am vergangenen Donnerstag haben 59 B\u00fcrgerinnen und B\u00fcrger aus allen Bereichen unserer Gesellschaft einen Verein f\u00fcr eine b\u00fcrgerliche Netzpolitik gegr\u00fcndet: das cnetz. Ich selbst habe eine der beiden Sprecherfunktionen \u00fcbernommen. Mit dabei sind u.a. auch Thomas Jarzombek als zweiter Sprecher, sowie andere Abgeordnete aus dem Bundestag und den Landtagen. Hinzu kommen viele Mitglieder aus der CDU und der JU, aber auch Menschen, die sich im b\u00fcrgerlichen &#8222;Lager&#8220; politisch zu Hause f\u00fchlen, aber keiner Partei angeh\u00f6ren. Soweit so gut.<\/p>\n<p>Nun ist die Aufregung im Netz gr\u00f6\u00dfer als gedacht. \u00dcber Jahre hat man mir immer wieder gesagt, ich &#8211; und andere in der Union, die sich mit Netzpolitik befassen &#8211; sei nur ein &#8222;Feigenblatt&#8220;. Die CDU und ihre \u00dcberzeugungen und Werte f\u00e4nden im Netz doch gar nicht statt. Wir seien nicht pr\u00e4sent und h\u00e4tten gar kein Interesse an dem Thema. Nun leistet auch das cnetz einen Beitrag, dies zu \u00e4ndern und schon ist es auch wieder nicht recht. Im Gegenteil. Ich kann mich des Eindrucks nicht erwehren, dass es vor allem Menschen, die mit einer linken politischen \u00dcberzeugung auf diese Welt schauen, geradezu als Affront empfinden, dass wir uns erdreisten, einen Beitrag zur Netzpolitik leisten zu wollen. Wo ist denn da Eure sonst wie eine Monstranz vor Euch hergetragene Toleranz? Fehlanzeige.<\/p>\n<p>Kein Wunder. Kritik in der Sache ist auch erstmal gar nicht m\u00f6glich. Das cnetz hat sich erst gegr\u00fcndet. Wir bauen gerade an Beteiligungstools f\u00fcr alle Mitglieder und m\u00fcssen den Verwaltungskram erledigen. Das dauert seine Zeit. Dann geht es an die Inhalte. Darum habe ich mich \u00fcber viele inhaltliche Fragen gefreut, die leider in dem Trollgehabe mancher Zeitgenossen unterzugehen drohen. Keine Sorge. Wir notieren das sorgf\u00e4ltig und arbeiten auch gerade an einer Agenda. Wir werden sicher nicht die \u00fcbliche 100 Tage-Frist ausreizen, bevor man wieder was vom cnetz h\u00f6rt und wir uns zu der einen oder anderen Frage positionieren. <a href=\"http:\/\/tauber.he-webpack.de\/blog\/wp-content\/uploads\/2012\/04\/iphone_toko1.jpg\"><img loading=\"lazy\" decoding=\"async\" src=\"http:\/\/tauber.he-webpack.de\/blog\/wp-content\/uploads\/2012\/04\/iphone_toko1.jpg?w=300\" alt=\"\" title=\"iphone_toko\" width=\"300\" height=\"167\" class=\"alignright size-medium wp-image-924\" srcset=\"https:\/\/blog.petertauber.de\/wp-content\/uploads\/2012\/04\/iphone_toko1.jpg 900w, https:\/\/blog.petertauber.de\/wp-content\/uploads\/2012\/04\/iphone_toko1-420x234.jpg 420w, https:\/\/blog.petertauber.de\/wp-content\/uploads\/2012\/04\/iphone_toko1-744x415.jpg 744w, https:\/\/blog.petertauber.de\/wp-content\/uploads\/2012\/04\/iphone_toko1-768x428.jpg 768w\" sizes=\"(max-width: 300px) 100vw, 300px\" \/><\/a><\/p>\n<p>Wenn man inhaltlich nichts zu meckern hat, dann kann man sich herrlich an \u00c4u\u00dferlichkeiten abarbeiten. Der Name cnetz sorgte da f\u00fcr lebhafte Reaktionen. Um es aufzukl\u00e4ren: Ja! Wir wissen, was das cnetz war. Ja! Es ist eine Anspielung auf des C im Namen der Union, und das Netz soll die Br\u00fccke zur Netzpolitik schlagen. Ja! Wir wissen, dass das eher Vintage, Tradition, hoffnungslos veraltet oder old fashioned ist. Sucht Euch einfach was aus! <\/p>\n<p>Ich pers\u00f6nlich kann mit der Kritik am Namen und dem was dort hineininterpretiert wird ganz gut leben.  Das cnetz ist n\u00e4mlich im Gegensatz zu vielen anderen die da lauthals Kritik \u00fcben als Verein a) lernbereit und b) zur Selbstkritik f\u00e4hig. Und ein bi\u00dfchen Selbstironie schadet auch nicht. <\/p>\n<p>Wer sich bis dato f\u00fcr meine pers\u00f6nliche netzpolitische Arbeit interessiert, der findet auch auf diesem Blog diverse Artikel von der <a href=\"http:\/\/petertauber.wordpress.com\/2011\/09\/19\/wer-ist-eigentlich-farin-urlaub\/\" title=\"Anonymit\u00e4t im Netz\" target=\"_blank\">Anonymit\u00e4t im Netz<\/a> bis hin zum <a href=\"http:\/\/petertauber.wordpress.com\/2012\/01\/17\/was-ich-unter-einem-%E2%80%9Efairen-urheberrecht-verstehe\/\" title=\"Urheberrecht\" target=\"_blank\">Urheberrecht<\/a>, zur <a href=\"http:\/\/petertauber.wordpress.com\/2012\/01\/23\/wer-kennt-die-zpu\/\" title=\"ZP\u00dc\" target=\"_blank\">ZP\u00dc<\/a> oder meinem Verst\u00e4ndnis von <a href=\"http:\/\/petertauber.wordpress.com\/2012\/02\/01\/das-internet-ist-ein-segen-und-kein-fluch\/\" title=\"Netzpolitik\" target=\"_blank\">Netzpolitik ganz allgemein<\/a>. Auch da freue ich mich wie immer auf Kritik und vor allem Anregungen.<\/p>\n<p>Bis dahin kann ich zur gef\u00e4lligen Lekt\u00fcre noch einmal auf unser mission statement und die <a href=\"http:\/\/www.c-netz.info\" title=\"cnetz\" target=\"_blank\">Internetseite<\/a> verweisen!<\/p>\n<p>Nachtrag um 17.40: nach zahlreichen Interviews, spannenden Diskussionen und einer bis jetzt noch nicht gesichteten &#8222;Flut&#8220; an Nachfragen wie man mitmachen kann von mir nur noch ein Hinweis: bei uns geben nicht zwei Sprecher die Meinung vor, sondern wir beteiligen alle Mitglieder an der Positionierung. Man kann bei einem Verein, der f\u00fcnf Tage alt ist, also keine zehnseitigen Papiere zum Urheberrecht, etc. erwarten. Gleichwohl sind auch diejenigen, die nicht im cnetz sind, eingeladen, uns Themenvorschl\u00e4ge zu schicken. Wir freuen uns sehr auf das was kommt!<\/p>\n","protected":false},"excerpt":{"rendered":"<div class=\"entry-summary\"><p>Am vergangenen Donnerstag haben 59 B\u00fcrgerinnen und B\u00fcrger aus allen Bereichen unserer Gesellschaft einen Verein f\u00fcr eine b\u00fcrgerliche Netzpolitik gegr\u00fcndet:&hellip;<\/p>\n<\/div>\n<div class=\"link-more\">\n\t<a href=\"https:\/\/blog.petertauber.de\/?p=888\" class=\"more-link\">\n\t\tWeiterlesen<span class=\"screen-reader-text\"> &ldquo;Das cnetz und die ersten Reaktionen&rdquo;<\/span>&hellip;\t<\/a>\n<\/div>\n","protected":false},"author":2,"featured_media":906,"comment_status":"open","ping_status":"open","sticky":false,"template":"","format":"standard","meta":{"jetpack_post_was_ever_published":false,"_jetpack_newsletter_access":"","_jetpack_dont_email_post_to_subs":false,"_jetpack_newsletter_tier_id":0,"_jetpack_memberships_contains_paywalled_content":false,"footnotes":"","_jetpack_memberships_contains_paid_content":false,"jetpack_publicize_message":"","jetpack_publicize_feature_enabled":true,"jetpack_social_post_already_shared":false,"jetpack_social_options":{"image_generator_settings":{"template":"highway","enabled":false},"version":2}},"categories":[785,121],"tags":[232],"jetpack_publicize_connections":[],"jetpack_sharing_enabled":true,"jetpack_featured_media_url":"https:\/\/blog.petertauber.de\/wp-content\/uploads\/2012\/03\/logo_cn.jpg","jetpack_shortlink":"https:\/\/wp.me\/p35WCI-ek","_links":{"self":[{"href":"https:\/\/blog.petertauber.de\/index.php?rest_route=\/wp\/v2\/posts\/888"}],"collection":[{"href":"https:\/\/blog.petertauber.de\/index.php?rest_route=\/wp\/v2\/posts"}],"about":[{"href":"https:\/\/blog.petertauber.de\/index.php?rest_route=\/wp\/v2\/types\/post"}],"author":[{"embeddable":true,"href":"https:\/\/blog.petertauber.de\/index.php?rest_route=\/wp\/v2\/users\/2"}],"replies":[{"embeddable":true,"href":"https:\/\/blog.petertauber.de\/index.php?rest_route=%2Fwp%2Fv2%2Fcomments&post=888"}],"version-history":[{"count":1,"href":"https:\/\/blog.petertauber.de\/index.php?rest_route=\/wp\/v2\/posts\/888\/revisions"}],"predecessor-version":[{"id":3014,"href":"https:\/\/blog.petertauber.de\/index.php?rest_route=\/wp\/v2\/posts\/888\/revisions\/3014"}],"wp:featuredmedia":[{"embeddable":true,"href":"https:\/\/blog.petertauber.de\/index.php?rest_route=\/wp\/v2\/media\/906"}],"wp:attachment":[{"href":"https:\/\/blog.petertauber.de\/index.php?rest_route=%2Fwp%2Fv2%2Fmedia&parent=888"}],"wp:term":[{"taxonomy":"category","embeddable":true,"href":"https:\/\/blog.petertauber.de\/index.php?rest_route=%2Fwp%2Fv2%2Fcategories&post=888"},{"taxonomy":"post_tag","embeddable":true,"href":"https:\/\/blog.petertauber.de\/index.php?rest_route=%2Fwp%2Fv2%2Ftags&post=888"}],"curies":[{"name":"wp","href":"https:\/\/api.w.org\/{rel}","templated":true}]}}