{"id":3553,"date":"2019-02-19T10:51:11","date_gmt":"2019-02-19T09:51:11","guid":{"rendered":"http:\/\/blog.petertauber.de\/?p=3553"},"modified":"2019-02-19T15:32:35","modified_gmt":"2019-02-19T14:32:35","slug":"die-muenchner-sicherheitskonferenz-und-die-sauna-im-ministerium","status":"publish","type":"post","link":"https:\/\/blog.petertauber.de\/?p=3553","title":{"rendered":"Die M\u00fcnchner Sicherheitskonferenz und die Sauna im Ministerium"},"content":{"rendered":"\n<p>Ich bin das erste Mal auf der M\u00fcnchner Sicherheitskonferenz. Man findet wohl wenige Orte, wo so intensiv und offen \u00fcber die Sicherheit, \u00fcber Krieg und Frieden in der Welt und aktuelle Herausforderungen f\u00fcr die Weltordnung diskutiert wird. Hier meine Eindr\u00fccke f\u00fcr euch.<\/p>\n\n\n\n<p>Zun\u00e4chst\neinmal: Warum gibt es eine solche Konferenz? Diese kostet viel Geld, Zeit und\nder Platz um das Hotel muss abgesperrt werden. Manches Gesch\u00e4ft in M\u00fcnchen muss\nsogar schlie\u00dfen. Bringt das etwas? Ich finde ja. Das ist es wert. Warum? Weil\nwir in einer Welt leben, in der trotz des Internets mehr \u00fcbereinander als\nmiteinander gesprochen wird. Hier ist das anders. Europ\u00e4er, Amerikaner, Russen,\nChinesen: alle sind hier. Man kennt sich oder lernt sich kennen. Und man\nspricht miteinander.<\/p>\n\n\n\n<p>Was\nals Wehrkundetagung begann, ist heute eine gro\u00dfe internationale Konferenz.\nAlles, was Rang und Namen hat, ist da. Noch nie waren beispielsweise so viele US-amerikanische\nKongressabgeordnete in M\u00fcnchen wie 2019. Neben Vizepr\u00e4sident Mike Pence und\nPr\u00e4sidententochter Ivanka Trump waren Nancy Pelosi und Joe Biden dabei. Zudem\nhaben \u00fcber 30 Staats- und Regierungschefs teilgenommen. <\/p>\n\n\n\n<p>Das\npr\u00e4gt die Atmosph\u00e4re im eigentlich viel zu kleinen Bayerischen Hof, dem Hotel\nund Tagungsort. Ein st\u00e4ndiges Kommen und Gehen, man begegnet zwischen den\ngeplanten Gespr\u00e4chen st\u00e4ndig bekannten Gesichtern und Kollegen, bleibt stehen,\nbegr\u00fc\u00dft sich, ruft sich etwas zu, verabredet sich f\u00fcr sp\u00e4ter. Und man wird angesprochen.\nAu\u00dferdem sieht man viele spannende Pers\u00f6nlichkeiten. War das nicht eben\nMadeleine Albright? Bei dieser gro\u00dfartigen Frau durfte ich am Freitag beim\nAbendessen am Tisch sitzen. <\/p>\n\n\n\n<p><strong>Die\nWelt ist kein friedlicher Ort!<\/strong><\/p>\n\n\n\n<p>Das\nProgramm dient zur Diskussion und Standortbestimmung in sicherheitspolitischen\nFragen. Nicht nur die Rede von Angela Merkel wurde mit Interesse erwartet. Auch\nder amerikanische Vizepr\u00e4sident Mike Pence, der russische Au\u00dfenminister Sergej\nLawrow und das chinesische Politb\u00fcromitglied Yang Jiechi sprachen. Man merkt,\nvor welchen Herausforderungen die Welt steht.<\/p>\n\n\n\n<p>Zum\nfesten Programm geh\u00f6rt auch ein Mittagessen mit allen Verteidigungsministern,\nzu dem Ursula von der Leyen jedes Jahr einl\u00e4dt. Ich habe die Gelegenheit\ngenutzt und mich mit dem finnischen, dem portugiesischen und dem malischen\nMinister l\u00e4nger unterhalten. In Mali war ich ja letztes Jahr und mit unseren\neurop\u00e4ischen Partnern habe ich mich \u00fcber den Einsatz unserer Soldaten bei den\nVereinten Nationen unterhalten. Deutschland ist ja derzeit nichtst\u00e4ndiges\nMitglied im UN-Sicherheitsrat. Dabei lernt man sich pers\u00f6nlich kennen. Und\nsch\u00e4tzen. Und man tauscht auch Anekdoten und Geschichten aus. So beginnen\nFreundschaften. Ob es im finnischen Verteidigungsministerium eine richtige\nfinnische Sauna gibt, verrate ich euch das n\u00e4chste Mal!<\/p>\n\n\n\n<p>Daneben gibt es eine Vielzahl an Panels und Nebenveranstaltungen. Das Verteidigungsministerium hat sich beispielsweise mit einer Diskussionsrunde beteiligt, in der alle Konferenzteilnehmer, die j\u00fcnger als 30 Jahre sind, ihre Vorstellungen zur Zukunft Europas vorstellen konnten. Ich konnte als Gast teilnehmen. Das war wirklich Mut machend und inspirierend.<\/p>\n\n\n\n<figure class=\"wp-block-image\"><img loading=\"lazy\" decoding=\"async\" width=\"1200\" height=\"900\" src=\"http:\/\/blog.petertauber.de\/wp-content\/uploads\/2019\/02\/MSC-4-1200x900.jpg\" alt=\"\" class=\"wp-image-3556\" srcset=\"https:\/\/blog.petertauber.de\/wp-content\/uploads\/2019\/02\/MSC-4-1200x900.jpg 1200w, https:\/\/blog.petertauber.de\/wp-content\/uploads\/2019\/02\/MSC-4-533x400.jpg 533w, https:\/\/blog.petertauber.de\/wp-content\/uploads\/2019\/02\/MSC-4-800x600.jpg 800w, https:\/\/blog.petertauber.de\/wp-content\/uploads\/2019\/02\/MSC-4-768x576.jpg 768w, https:\/\/blog.petertauber.de\/wp-content\/uploads\/2019\/02\/MSC-4.jpg 1600w\" sizes=\"(max-width: 1200px) 100vw, 1200px\" \/><\/figure>\n\n\n\n<p><strong>Warum Lettland und Indonesien Partner f\u00fcr Deutschland sind<\/strong><\/p>\n\n\n\n<p>Neben\nspannenden Diskussionen habe ich auch einige offizielle bilaterale Gespr\u00e4che\ngef\u00fchrt. Mit dabei war auch ein Gespr\u00e4ch mit der lettischen Botschafterin Inga\nSkujina. Sie hat noch einmal deutlich gemacht, wie Russland versucht, die\nUnabh\u00e4ngigkeit der baltischen L\u00e4nder zu unterminieren und warum Lettland auf\nDeutschlands Unterst\u00fctzung in der NATO z\u00e4hlt. Wir als Deutsche m\u00fcssten die\nbaltischen V\u00f6lker verstehen. Auch unsere Freiheit in Westdeutschland haben\nunsere Verb\u00fcndeten in der NATO bis zur deutschen Einheit verteidigt. Ohne die\nUSA und die NATO h\u00e4tte es keine Wiedervereinigung in Frieden und Freiheit\ngegeben. Das verpflichtet uns heute.<\/p>\n\n\n\n<p>Beeindruckend\nwar das Gespr\u00e4ch mit dem indonesischen Botschafter Arif Havas Oegroseno. Das\nLand hat in der Region eine \u00e4hnliche Rolle wie Deutschland in Europa. Viele\nkleinere Nachbarn schauen auf das, was Indonesien tut und hoffen auf eine klare\nHaltung \u2013 auch gegen\u00fcber China, das sehr dominant auftritt. \u00c4hnlich wie in\nEuropa, wo Russland es darauf anlegt seinen Machtbereich auszuweiten. Was\nverbindet uns noch mit Indonesien? Beide L\u00e4nder sind stabile Demokratien und\nsetzten auf internationale Zusammenarbeit, auf Multilateralismus. Und beide\nL\u00e4nder sind derzeit Mitglieder im Sicherheitsrat der Vereinten Nationen. Wir\nwollen dort enger zusammenarbeiten und ich habe eine Einladung ausgesprochen:\nEs w\u00e4re toll, wenn Indonesien einen weiblichen Offizier auf einen Lehrgang an\nunserem VN-Ausbildungszentrum in Hammelburg sendet. Das Thema \u201eWomen and\nPeacekeeping\u201c ist f\u00fcr uns oben auf der Agenda. Und was \u00fcbrigens die wenigsten\nwissen: Indonesien ist das gr\u00f6\u00dfte islamische Land der Welt mit rund 260\nMillionen Einwohnern. Das Land beweist uns, das Islam, Freiheit und Demokratie\nauch \u201emiteinander\u201c gehen. Es ist gut f\u00fcr uns in Europa, sich das bewusst zu\nmachen.<\/p>\n\n\n\n<p>Wen habe ich sonst getroffen? Neben unserem Generalinspekteur Eberhard Zorn war nat\u00fcrlich sein Vorg\u00e4nger General Volker Wieker da. Ich habe mich gefreut, ihn wiederzusehen. Auch Pers\u00f6nlichkeiten wie Navid Kermani waren da. Annegret Kramp-Karrenbauer auch. Alle namhaften deutschen Au\u00dfen- und Verteidigungspolitiker waren da.<\/p>\n\n\n\n<figure class=\"wp-block-image\"><img loading=\"lazy\" decoding=\"async\" width=\"1024\" height=\"768\" src=\"http:\/\/blog.petertauber.de\/wp-content\/uploads\/2019\/02\/MSC-3.jpg\" alt=\"\" class=\"wp-image-3555\" srcset=\"https:\/\/blog.petertauber.de\/wp-content\/uploads\/2019\/02\/MSC-3.jpg 1024w, https:\/\/blog.petertauber.de\/wp-content\/uploads\/2019\/02\/MSC-3-533x400.jpg 533w, https:\/\/blog.petertauber.de\/wp-content\/uploads\/2019\/02\/MSC-3-800x600.jpg 800w, https:\/\/blog.petertauber.de\/wp-content\/uploads\/2019\/02\/MSC-3-768x576.jpg 768w\" sizes=\"(max-width: 1024px) 100vw, 1024px\" \/><\/figure>\n\n\n\n<p><strong>Werben\nf\u00fcr die deutsch-amerikanische Freundschaft in st\u00fcrmischer Zeit<\/strong><\/p>\n\n\n\n<p>Am\nSonntag habe ich im Rahmen der Konferenz bei der Loisach Group des George C.\nMarshall European Center for Strategic Studies, das in Garmisch-Partenkirchen\nbeheimatet ist, gesprochen. Mir ging es darum, die Notwendigkeit und die\nPerspektiven des deutsch-amerikanischen Verh\u00e4ltnisses und der transatlantischen\nPartnerschaft f\u00fcr das 21. Jahrhundert unabh\u00e4ngig von Tweets eines Pr\u00e4sidenten\nzu betonen. F\u00fcr mich ist klar: Die USA und wir teilen dieselben Werte, wir\nverdanken den Amerikanern Frieden, Freiheit und Einheit. Wir tun gut daran,\ndiese Partnerschaft zu st\u00e4rken und f\u00fcr die Zukunft weiterzudenken. Ich habe\ndort daf\u00fcr geworben, angesichts aktueller Meinungsverschiedenheiten nicht zu\nvergessen, welche Bedeutung die deutsch-amerikanische Freundschaft f\u00fcr beide\nNationen in den letzten Jahrzehnten hatte und wie segensreich sie war und nach wie\nvor ist. Gerade wir Deutschen sollten nicht vergessen, dass es ohne die USA\nkeine Wiedervereinigung in Frieden und Freiheit gegeben h\u00e4tte. Darum sollten\nwir uns bei Diskussionen nicht von Tweets aus dem Wei\u00dfen Haus, sondern vom\nMotto des diesj\u00e4hrigen Deutschlandjahrs in den USA leiten lassen: \u201eWunderbar\ntogether\u201c.<\/p>\n\n\n\n<p><strong>Stolz\nauf unsere Kanzlerin<\/strong><\/p>\n\n\n\n<p>Was fand ich besonders gut? Zweifellos die Rede der Kanzlerin. Angela Merkel hat es geschafft, alle aktuellen Streitfragen von der K\u00fcndigung des INF-Vertrags, \u00fcber die Androhung von amerikanischen Strafz\u00f6llen, den Sanktionen gegen Russland wegen der v\u00f6lkerrechtswidrigen Annexion der Krim und des Krieges im Osten der Ukraine bis zur Einflussnahme Chinas in Afrika und die Rolle des Iran anzusprechen. Alle waren im Raum. Sie hat mit den Betroffenen geredet und nicht \u00fcber sie. Und sie hat Klartext gesprochen ohne jemanden vorzuf\u00fchren. Nur so kann man weiter miteinander reden und um L\u00f6sungen ringen. Und sie hat ein leidenschaftliches Pl\u00e4doyer f\u00fcr die weltweite Zusammenarbeit, f\u00fcr das Suchen nach gemeinsamen L\u00f6sungen gehalten. Der Klimawandel, der Hunger nach Energie, das Bev\u00f6lkerungswachstum, die Digitalisierung sind die Probleme unserer Zeit. Merkel gab die Antwort, wer diese Probleme l\u00f6sen kann: \u201eNur wir alle zusammen.\u201c<\/p>\n\n\n\n<p><iframe loading=\"lazy\" width=\"560\" height=\"315\" src=\"https:\/\/www.youtube.com\/embed\/77ldCeytas0\" frameborder=\"0\" allow=\"accelerometer; autoplay; encrypted-media; gyroscope; picture-in-picture\" allowfullscreen=\"\"><\/iframe><\/p>\n","protected":false},"excerpt":{"rendered":"<div class=\"entry-summary\"><p>Ich bin das erste Mal auf der M\u00fcnchner Sicherheitskonferenz. Man findet wohl wenige Orte, wo so intensiv und offen \u00fcber&hellip;<\/p>\n<\/div>\n<div class=\"link-more\">\n\t<a href=\"https:\/\/blog.petertauber.de\/?p=3553\" class=\"more-link\">\n\t\tWeiterlesen<span class=\"screen-reader-text\"> &ldquo;Die M\u00fcnchner Sicherheitskonferenz und die Sauna im Ministerium&rdquo;<\/span>&hellip;\t<\/a>\n<\/div>\n","protected":false},"author":2,"featured_media":3554,"comment_status":"open","ping_status":"open","sticky":false,"template":"","format":"standard","meta":{"jetpack_post_was_ever_published":false,"_jetpack_newsletter_access":"","_jetpack_dont_email_post_to_subs":false,"_jetpack_newsletter_tier_id":0,"_jetpack_memberships_contains_paywalled_content":false,"footnotes":"","_jetpack_memberships_contains_paid_content":false,"jetpack_publicize_message":"","jetpack_publicize_feature_enabled":true,"jetpack_social_post_already_shared":true,"jetpack_social_options":{"image_generator_settings":{"template":"highway","enabled":false},"version":2}},"categories":[785],"tags":[],"jetpack_publicize_connections":[],"jetpack_sharing_enabled":true,"jetpack_featured_media_url":"https:\/\/blog.petertauber.de\/wp-content\/uploads\/2019\/02\/MSC-7.jpg","jetpack_shortlink":"https:\/\/wp.me\/p35WCI-Vj","_links":{"self":[{"href":"https:\/\/blog.petertauber.de\/index.php?rest_route=\/wp\/v2\/posts\/3553"}],"collection":[{"href":"https:\/\/blog.petertauber.de\/index.php?rest_route=\/wp\/v2\/posts"}],"about":[{"href":"https:\/\/blog.petertauber.de\/index.php?rest_route=\/wp\/v2\/types\/post"}],"author":[{"embeddable":true,"href":"https:\/\/blog.petertauber.de\/index.php?rest_route=\/wp\/v2\/users\/2"}],"replies":[{"embeddable":true,"href":"https:\/\/blog.petertauber.de\/index.php?rest_route=%2Fwp%2Fv2%2Fcomments&post=3553"}],"version-history":[{"count":3,"href":"https:\/\/blog.petertauber.de\/index.php?rest_route=\/wp\/v2\/posts\/3553\/revisions"}],"predecessor-version":[{"id":3559,"href":"https:\/\/blog.petertauber.de\/index.php?rest_route=\/wp\/v2\/posts\/3553\/revisions\/3559"}],"wp:featuredmedia":[{"embeddable":true,"href":"https:\/\/blog.petertauber.de\/index.php?rest_route=\/wp\/v2\/media\/3554"}],"wp:attachment":[{"href":"https:\/\/blog.petertauber.de\/index.php?rest_route=%2Fwp%2Fv2%2Fmedia&parent=3553"}],"wp:term":[{"taxonomy":"category","embeddable":true,"href":"https:\/\/blog.petertauber.de\/index.php?rest_route=%2Fwp%2Fv2%2Fcategories&post=3553"},{"taxonomy":"post_tag","embeddable":true,"href":"https:\/\/blog.petertauber.de\/index.php?rest_route=%2Fwp%2Fv2%2Ftags&post=3553"}],"curies":[{"name":"wp","href":"https:\/\/api.w.org\/{rel}","templated":true}]}}