{"id":3143,"date":"2017-09-08T13:03:43","date_gmt":"2017-09-08T13:03:43","guid":{"rendered":"http:\/\/blog.petertauber.de\/?p=3143"},"modified":"2017-09-08T13:40:19","modified_gmt":"2017-09-08T13:40:19","slug":"thisisnotyourflag-das-erbe-der-wirmer-flagge","status":"publish","type":"post","link":"https:\/\/blog.petertauber.de\/?p=3143","title":{"rendered":"#thisisnotyourflag \u2013 Das Erbe der Wirmer-Flagge"},"content":{"rendered":"<p><i>Gastbeitrag von Barbara Ermes:<\/i><\/p>\n<p>Schwarzes Kreuz, gelb umrandet, roter Untergrund: so entwarf der Jurist  Josef Wirmer eine Flagge f\u00fcr  Deutschland, das nach einem gegl\u00fcckten Attentat auf Hitler 1944 neu aufgebaut werden sollte.<br \/>\nEr selber sollte dann Justizminister werden.<br \/>\nEs kam anders, das Attentat missgl\u00fcckte, die Attent\u00e4ter wurden entweder (wie Stauffenberg) umgehend erschossen oder im weiteren Verlauf vom so genannten Volksgerichtshof unter Freisler zum Tod verurteilt und in Pl\u00f6tzensee elendig hingerichtet. So auch Josef Wirmer.<br \/>\nJosef Wirmer war ein langj\u00e4hriger Freund meines Gro\u00dfonkels Hermann Siemer. Nach dem Attentat kamen Wirmers Frau Hedwig und seine drei Kinder bei meinem Gro\u00dfonkel in S\u00fcdoldenburg unter, wo auch meine Gro\u00dfeltern mit ihren Kindern w\u00e4hrend des Krieges lebten. Die Freundschaft zwischen unseren Familien war bis lange nach dem Krieg sehr eng und besteht bis heute in unsere Generation fort.<\/p>\n<p>Wirmers Anliegen war es, wie das aller in den Putschversuch vom 20. Juli 1944 Eingeweihten, Hitler zu t\u00f6ten, die Herrschaft der Nationalsozialisten zu beenden und Frieden mit den (West)Alliierten zu schlie\u00dfen.<br \/>\nSein innerer Antrieb zur Vorbereitung des Attentats war dabei, so schrieb er aus der Haft an meinen Gro\u00dfonkel Hermann Siemer, sein christlicher Glaube. Er z\u00e4hlte auch nicht, wie andere, erst nach Kriegsausbruch zu den Gegnern Hitlers, sondern sprach sich bereits in den Drei\u00dfigern offen gegen \u201erassische Verfolgung\u201c aus. Darum wurde der Zentrumspolitiker z.B.  auch fr\u00fch aus der berufsst\u00e4ndischen Vereinigung der Rechtsanw\u00e4lte ausgeschlossen.<br \/>\nDie Attent\u00e4ter waren mutige Menschen, M\u00e4nner und Frauen, die nicht nur ihr eigenes Leben riskierten, sondern auch das ihrer Partner und Kinder aufs Spiel setzten .<br \/>\nDie meisten Angeh\u00f6rigen der Attent\u00e4ter kamen tats\u00e4chlich in Sippenhaft und haben neben der Trauer um die Ehem\u00e4nner und V\u00e4ter selber viel Leid in der Haft erfahren. Vor allem die Kinder.<\/p>\n<p>Es waren mutige Menschen, aufrechte Menschen. Tapfer, wissend, dass die Todesstrafe, das Erh\u00e4ngen, auf sie wartete, haben sie auch vor dem Volksgerichtshof nicht klein beigegeben, haben sich dem br\u00fcllenden Pr\u00e4sidenten Freisler mit klarer Stimme entgegengestellt. So schrie Freisler Wirmer im Laufe des Prozesses an, dass er \u201ebald zur H\u00f6lle fahren werde\u201c. Wirmer antwortete: \u201eEs wird mir ein Vergn\u00fcgen sein, wenn Sie bald nachkommen, Herr Pr\u00e4sident!\u201c<br \/>\nAm 8. September 1944 wurde Josef Wirmer zum Tode verurteilt und am selben Tag hingerichtet.<br \/>\nSeine Familie fand rechtzeitig Schutz bei meiner Familie und entging so der Sippenhaft.<\/p>\n<p>Was von Josef Wirmer sichtbar geblieben ist, ist sein Entwurf einer neuen Flagge. Sie war nach 1945 im Gespr\u00e4ch als deutsche Flagge, die CDU nutzte sie in den 50er bis 70er Jahren als Parteifahne und auch die Farben der FDP lehnten sich an Wirmers Entwurf an.<br \/>\nSeit den Siebzigern wurde die Flagge nicht mehr verwendet.<\/p>\n<p>Bis sich 2010 die so genannte \u201ePegida-Bewegung\u201c formierte und anfing in Deutschland aufzumarschieren. Sie selber nennen es \u201eSpazierg\u00e4nge\u201c.<br \/>\nIch habe selber mehrere Aufm\u00e4rsche erlebt, die Route des Berliner Ablegers f\u00fchrte gelegentlich an meinem Arbeitsplatz vorbei. Noch nie habe ich so viel Hass und Aggressivit\u00e4t erlebt und gesp\u00fcrt wie in den Minuten, in denen ich, gesch\u00fctzt von behelmten Polizisten, die Pegida-Demonstranten an mir vorbeiziehen sah.<br \/>\nUnd sie trugen (und tragen immernoch) die Flagge Wirmers als Flagge des Widerstands mit sich.<br \/>\nVersuche der Kinder und Enkel Josef Wirmers, den Missbrauch gerichtlich unterbinden zu lassen, sind gescheitert. Denn die Flagge ist markenrechtlich nicht gesch\u00fctzt. Ein Witz der Geschichte.<\/p>\n<p>Das macht mich w\u00fctend! Wer sich nur ansatzweise mit dem 20. Juli, den Attent\u00e4tern, ihren Beweggr\u00fcnden (und dar\u00fcber gibt es wahrlich viel Literatur!) besch\u00e4ftigt hat, dem muss beim Anblick der Wirmer-Flagge auf Kundgebungen der Pegida-Anh\u00e4nger doch die Hutschnur platzen! <\/p>\n<p>Nat\u00fcrlich hatten nicht alle an der \u201eOperation Walk\u00fcre\u201c Beteiligen das Demokratieverst\u00e4ndnis von uns heute. Wie auch! Ihre einzige demokratische Erfahrung war die der Weimarer Republik!<br \/>\nEs waren Angeh\u00f6rige der Wehrmacht, des B\u00fcrgertums, Menschen mit sehr viel Herz, R\u00fcckgrat und einem Gewissen, das sie nicht hat schweigen lassen.<br \/>\nWirmer hat sich engagiert gegen die Verfolgung von \u201eMenschen anderer Rassen\u201c eingesetzt und daf\u00fcr Repressalien in Kauf genommen. Sein christlicher Glaube hat ihn schlie\u00dflich zum Widerstand getrieben. Das ist das genaue Gegenteil von dem, was die Pegida-Anh\u00e4nger wollen!<br \/>\nWirmers enge Mitstreiter, die \u00fcberlebten, arbeiteten teils aktiv am Aufbau unseres Landes mit: Andreas Hermes, der bereits in Weimarer Zeiten Landwirtschafts- und Finanzminister war, entkam der Todesstrafe knapp und wurde 1945 Gr\u00fcndungsvorsitzender der Berliner CDU. Unter seiner F\u00fchrung entstanden die \u201eBerliner Leits\u00e4tze\u201c, eines der zentralen Gr\u00fcndungsdokumente der CDU. <\/p>\n<p>Die, die jetzt lautstark durch die Stra\u00dfen ziehen, die die Wahlveranstaltungen auf den Pl\u00e4tzen unseres Landes mit Trillerpfeifen und Gebr\u00fcll st\u00f6ren, haben weder Anstand, noch Herz noch ein Gewissen, das sie leitet. Sie sind zerfressen von Hass, Neid und Angst vor der Zukunft. Sie wollen Menschen ausgrenzen, die eine andere Religion haben und die in unserem Land Schutz suchen.<br \/>\nSie nehmen ihr Schicksal nicht selber in die Hand, um f\u00fcr alle ein besseres Land, ein besseres Leben zu erstreiten. Sie p\u00f6beln und krakeelen.<br \/>\nWer schreit, ist selten im Recht. <\/p>\n<p>Widerstand ist nicht gleich Widerstand. Es gibt keinen Tyrannen, gegen denen sich aufzulehnen erste B\u00fcrgerpflicht w\u00e4re. Es gibt keine Unfreiheit, keinen Krieg, keinen bedrohlichen Mangel in unserem Land. Es wird niemand in diesem Land aufgrund seiner Hautfarbe, seiner Religion, Weltanschauung, seines Geschlechts oder sexuellen Orientierung verfolgt.<br \/>\nSogar die Aufm\u00e4rsche der Pegida-Bewegung werden von der Polizei gesch\u00fctzt! Jeder darf sagen, was er denkt!<br \/>\nNur die Anh\u00e4nger der Pegida-Bewegung und ihr politischer Arm, die AfD (auch wenn sie bestreitet, dies zu sein), haben sich zum Ziel gesetzt, andere auszugrenzen und zu verfolgen.<\/p>\n<p>Umso schlimmer wirkt der Missbrauch dieser Flagge des Widerstands 20. Juli, der Wirmer-Flagge!<\/p>\n<p>Weil wir das Marschieren und das Flaggezeigen nicht verbieten k\u00f6nnen (als Demokratin sage ich trotz allem, gut so), m\u00fcssen wir alle von unserem demokratischen Recht Gebrauch machen und die AfD unter f\u00fcnf Prozent halten, dass sie in kein weiteres Parlament einziehen kann!<br \/>\nDie AfD, die Pegida-Bewegung sind offen rassistisch, ausgrenzend, demokratiegef\u00e4hrdend. Ihre Politik w\u00fcrde die Schwachen unserer Gesellschaft weiter schw\u00e4chen statt sie zu st\u00e4rken. Wir m\u00fcssen sie mit demokratischen Mitteln bek\u00e4mpfen, wir haben die besseren Argumente. Unser Land bietet. Perspektiven und Chancen f\u00fcr alle, die darin leben. Wir m\u00fcssen die Menschen bef\u00e4higen, diese zu sehen und zu ergreifen. Das ist christdemokratisch und mehr im Sinne Josef Wirmers als alles andere. <\/p>\n<p>Und ansonsten gilt:<br \/>\nIhr Marschierer, Spazierg\u00e4nger, P\u00f6bler und Krakeeler da drau\u00dfen: das ist nicht Eure Flagge! Sch\u00e4mt Euch!<br \/>\n#thisisnotyourflag<\/p>\n<p><i>Vielen Dank an Barbara Ermes f\u00fcr diesen Gastbeitrag!<\/i><\/p>\n","protected":false},"excerpt":{"rendered":"<div class=\"entry-summary\"><p>Gastbeitrag von Barbara Ermes: Schwarzes Kreuz, gelb umrandet, roter Untergrund: so entwarf der Jurist Josef Wirmer eine Flagge f\u00fcr Deutschland,&hellip;<\/p>\n<\/div>\n<div class=\"link-more\">\n\t<a href=\"https:\/\/blog.petertauber.de\/?p=3143\" class=\"more-link\">\n\t\tWeiterlesen<span class=\"screen-reader-text\"> &ldquo;#thisisnotyourflag \u2013 Das Erbe der Wirmer-Flagge&rdquo;<\/span>&hellip;\t<\/a>\n<\/div>\n","protected":false},"author":2,"featured_media":3148,"comment_status":"open","ping_status":"open","sticky":false,"template":"","format":"standard","meta":{"jetpack_post_was_ever_published":false,"_jetpack_newsletter_access":"","_jetpack_dont_email_post_to_subs":false,"_jetpack_newsletter_tier_id":0,"_jetpack_memberships_contains_paywalled_content":false,"footnotes":"","_jetpack_memberships_contains_paid_content":false,"jetpack_publicize_message":"","jetpack_publicize_feature_enabled":true,"jetpack_social_post_already_shared":false,"jetpack_social_options":{"image_generator_settings":{"template":"highway","enabled":false},"version":2}},"categories":[785],"tags":[],"jetpack_publicize_connections":[],"jetpack_sharing_enabled":true,"jetpack_featured_media_url":"https:\/\/blog.petertauber.de\/wp-content\/uploads\/2017\/09\/wirmer_flagge.png","jetpack_shortlink":"https:\/\/wp.me\/p35WCI-OH","_links":{"self":[{"href":"https:\/\/blog.petertauber.de\/index.php?rest_route=\/wp\/v2\/posts\/3143"}],"collection":[{"href":"https:\/\/blog.petertauber.de\/index.php?rest_route=\/wp\/v2\/posts"}],"about":[{"href":"https:\/\/blog.petertauber.de\/index.php?rest_route=\/wp\/v2\/types\/post"}],"author":[{"embeddable":true,"href":"https:\/\/blog.petertauber.de\/index.php?rest_route=\/wp\/v2\/users\/2"}],"replies":[{"embeddable":true,"href":"https:\/\/blog.petertauber.de\/index.php?rest_route=%2Fwp%2Fv2%2Fcomments&post=3143"}],"version-history":[{"count":3,"href":"https:\/\/blog.petertauber.de\/index.php?rest_route=\/wp\/v2\/posts\/3143\/revisions"}],"predecessor-version":[{"id":3146,"href":"https:\/\/blog.petertauber.de\/index.php?rest_route=\/wp\/v2\/posts\/3143\/revisions\/3146"}],"wp:featuredmedia":[{"embeddable":true,"href":"https:\/\/blog.petertauber.de\/index.php?rest_route=\/wp\/v2\/media\/3148"}],"wp:attachment":[{"href":"https:\/\/blog.petertauber.de\/index.php?rest_route=%2Fwp%2Fv2%2Fmedia&parent=3143"}],"wp:term":[{"taxonomy":"category","embeddable":true,"href":"https:\/\/blog.petertauber.de\/index.php?rest_route=%2Fwp%2Fv2%2Fcategories&post=3143"},{"taxonomy":"post_tag","embeddable":true,"href":"https:\/\/blog.petertauber.de\/index.php?rest_route=%2Fwp%2Fv2%2Ftags&post=3143"}],"curies":[{"name":"wp","href":"https:\/\/api.w.org\/{rel}","templated":true}]}}