{"id":2884,"date":"2016-11-24T12:06:35","date_gmt":"2016-11-24T12:06:35","guid":{"rendered":"http:\/\/blog.petertauber.de\/?p=2884"},"modified":"2017-02-16T09:21:31","modified_gmt":"2017-02-16T09:21:31","slug":"der-gegebene-zeitpunkt","status":"publish","type":"post","link":"https:\/\/blog.petertauber.de\/?p=2884","title":{"rendered":"Der gegebene Zeitpunkt"},"content":{"rendered":"<figure id=\"attachment_2885\" aria-describedby=\"caption-attachment-2885\" style=\"width: 1300px\" class=\"wp-caption aligncenter\"><a href=\"http:\/\/blog.petertauber.de\/wp-content\/uploads\/2016\/11\/TOK8324_s.jpg\"><img loading=\"lazy\" decoding=\"async\" src=\"http:\/\/blog.petertauber.de\/wp-content\/uploads\/2016\/11\/TOK8324_s.jpg\" alt=\"Angeka Merkel gibt am 20.11.16 in Berlin im Konrad-Adenauer-Haus eine Pressekonferenz. \/ Fotograf: Tobias Koch (www.tobiaskoch.net)\" width=\"1300\" height=\"748\" class=\"size-full wp-image-2885\" srcset=\"https:\/\/blog.petertauber.de\/wp-content\/uploads\/2016\/11\/TOK8324_s.jpg 1300w, https:\/\/blog.petertauber.de\/wp-content\/uploads\/2016\/11\/TOK8324_s-420x242.jpg 420w, https:\/\/blog.petertauber.de\/wp-content\/uploads\/2016\/11\/TOK8324_s-744x428.jpg 744w, https:\/\/blog.petertauber.de\/wp-content\/uploads\/2016\/11\/TOK8324_s-768x442.jpg 768w, https:\/\/blog.petertauber.de\/wp-content\/uploads\/2016\/11\/TOK8324_s-1200x690.jpg 1200w\" sizes=\"(max-width: 1300px) 100vw, 1300px\" \/><\/a><figcaption id=\"caption-attachment-2885\" class=\"wp-caption-text\">Angela Merkel am vergangenen Sonntag im Konrad-Adenauer-Haus. \/ Foto: Tobias Koch<\/figcaption><\/figure>\n<p>Der gegebene Zeitpunkt \u2013 am vergangenen Sonntag war er endlich da: Angela Merkel tritt bei der Bundestagswahl im kommenden Jahr erneut als Kanzlerkandidatin f\u00fcr die CDU an. Das ist eine gute Nachricht f\u00fcr unser Land, f\u00fcr Europa \u2013 und nicht zuletzt auch f\u00fcr Barack Obama, wie der scheidende US-Pr\u00e4sident vergangene Woche bei seinem Besuch in Berlin verriet: \u201eAngela Merkel steht f\u00fcr gro\u00dfe Glaubw\u00fcrdigkeit und ist bereit, f\u00fcr diese Werte zu k\u00e4mpfen. Ich bin froh, dass sie da ist und die Deutschen sollten sie wertsch\u00e4tzen.\u201c<\/p>\n<p>Soviel Lob aus berufenem Munde blieb nat\u00fcrlich nicht folgenlos. Als \u201e<a href=\"http:\/\/www.nytimes.com\/2016\/11\/13\/world\/europe\/germany-merkel-trump-election.html?_r=4\">letzte Verteidigerin des freien Westens<\/a>\u201c hat die New York Times die Kanzlerin nach dem Wahlerfolg von Donald Trump bezeichnet. Doch w\u00e4hrend andere sich von solchen Lorbeeren vielleicht geschmeichelt f\u00fchlen w\u00fcrden, hat Angela Merkel mit der ihr eigenen Uneitelkeit auf diese Aussage reagiert. Sie f\u00fchle sich geehrt, empfinde diese Erwartungshaltung aber als teilweise grotesk und geradezu absurd, da kein Mensch alleine in der Lage sei, die aktuellen politischen Herausforderungen &#8211; angefangen von der Euro-Krise \u00fcber die Fl\u00fcchtlingsfrage bis hin zum Austritt Gro\u00dfbritanniens aus der Europ\u00e4ischen Union  &#8211; im Alleingang zum Guten zu wenden. Dieser klare Blick und der feste Wille, nicht dem eigenen Ego, sondern dem Land zu dienen, sind es, die diese Kanzlerin so wertvoll f\u00fcr uns machen.<\/p>\n<p>Denn in den kommenden Monaten wird uns ein Wahlkampf erwarten, wie wir ihn wahrscheinlich noch nie erlebt haben, mit Anfeindungen von rechts und links und einer polarisierten Gesellschaft, in der sich allzu oft nicht derjenige im Recht w\u00e4hnt, der die besseren Argumente auf seiner Seite hat, sondern derjenige, der am lautesten schreit. Diesen Parolen m\u00fcssen wir Inhalte entgegensetzen. Die CDU hat daf\u00fcr erste Eckpunkte festgelegt: Wir setzen auf die Themen Wirtschaft und Arbeit, Unterst\u00fctzung von Familien und St\u00e4rkung der Mitte der Gesellschaft, die F\u00f6rderung von Zusammenhalt und Identit\u00e4t, Sicherheit als Voraussetzung f\u00fcr Freiheit sowie auf ein starkes Europa. Um diese Ziele zu erreichen, treten wir in einen fairen Wettbewerb mit allen demokratischen Parteien. Oder wie Angela Merkel es formuliert: \u201eStreiten, nicht hassen.\u201c<\/p>\n<figure id=\"attachment_2886\" aria-describedby=\"caption-attachment-2886\" style=\"width: 3000px\" class=\"wp-caption aligncenter\"><a href=\"http:\/\/blog.petertauber.de\/wp-content\/uploads\/2016\/11\/27327419742_dee7a1338e_o.jpg\"><img loading=\"lazy\" decoding=\"async\" src=\"http:\/\/blog.petertauber.de\/wp-content\/uploads\/2016\/11\/27327419742_dee7a1338e_o.jpg\" alt=\"Foto: Tonbias Koch\" width=\"3000\" height=\"2044\" class=\"size-full wp-image-2886\" srcset=\"https:\/\/blog.petertauber.de\/wp-content\/uploads\/2016\/11\/27327419742_dee7a1338e_o.jpg 3000w, https:\/\/blog.petertauber.de\/wp-content\/uploads\/2016\/11\/27327419742_dee7a1338e_o-420x286.jpg 420w, https:\/\/blog.petertauber.de\/wp-content\/uploads\/2016\/11\/27327419742_dee7a1338e_o-744x507.jpg 744w, https:\/\/blog.petertauber.de\/wp-content\/uploads\/2016\/11\/27327419742_dee7a1338e_o-768x523.jpg 768w, https:\/\/blog.petertauber.de\/wp-content\/uploads\/2016\/11\/27327419742_dee7a1338e_o-1200x818.jpg 1200w\" sizes=\"(max-width: 3000px) 100vw, 3000px\" \/><\/a><figcaption id=\"caption-attachment-2886\" class=\"wp-caption-text\">Foto: Tobias Koch<\/figcaption><\/figure>\n","protected":false},"excerpt":{"rendered":"<div class=\"entry-summary\"><p>Der gegebene Zeitpunkt \u2013 am vergangenen Sonntag war er endlich da: Angela Merkel tritt bei der Bundestagswahl im kommenden Jahr&hellip;<\/p>\n<\/div>\n<div class=\"link-more\">\n\t<a href=\"https:\/\/blog.petertauber.de\/?p=2884\" class=\"more-link\">\n\t\tWeiterlesen<span class=\"screen-reader-text\"> &ldquo;Der gegebene Zeitpunkt&rdquo;<\/span>&hellip;\t<\/a>\n<\/div>\n","protected":false},"author":2,"featured_media":2885,"comment_status":"open","ping_status":"open","sticky":false,"template":"","format":"standard","meta":{"jetpack_post_was_ever_published":false,"_jetpack_newsletter_access":"","_jetpack_dont_email_post_to_subs":false,"_jetpack_newsletter_tier_id":0,"_jetpack_memberships_contains_paywalled_content":false,"footnotes":"","_jetpack_memberships_contains_paid_content":false,"jetpack_publicize_message":"","jetpack_publicize_feature_enabled":true,"jetpack_social_post_already_shared":false,"jetpack_social_options":{"image_generator_settings":{"template":"highway","enabled":false},"version":2}},"categories":[785,6],"tags":[],"jetpack_publicize_connections":[],"jetpack_sharing_enabled":true,"jetpack_featured_media_url":"https:\/\/blog.petertauber.de\/wp-content\/uploads\/2016\/11\/TOK8324_s.jpg","jetpack_shortlink":"https:\/\/wp.me\/p35WCI-Kw","_links":{"self":[{"href":"https:\/\/blog.petertauber.de\/index.php?rest_route=\/wp\/v2\/posts\/2884"}],"collection":[{"href":"https:\/\/blog.petertauber.de\/index.php?rest_route=\/wp\/v2\/posts"}],"about":[{"href":"https:\/\/blog.petertauber.de\/index.php?rest_route=\/wp\/v2\/types\/post"}],"author":[{"embeddable":true,"href":"https:\/\/blog.petertauber.de\/index.php?rest_route=\/wp\/v2\/users\/2"}],"replies":[{"embeddable":true,"href":"https:\/\/blog.petertauber.de\/index.php?rest_route=%2Fwp%2Fv2%2Fcomments&post=2884"}],"version-history":[{"count":4,"href":"https:\/\/blog.petertauber.de\/index.php?rest_route=\/wp\/v2\/posts\/2884\/revisions"}],"predecessor-version":[{"id":2890,"href":"https:\/\/blog.petertauber.de\/index.php?rest_route=\/wp\/v2\/posts\/2884\/revisions\/2890"}],"wp:featuredmedia":[{"embeddable":true,"href":"https:\/\/blog.petertauber.de\/index.php?rest_route=\/wp\/v2\/media\/2885"}],"wp:attachment":[{"href":"https:\/\/blog.petertauber.de\/index.php?rest_route=%2Fwp%2Fv2%2Fmedia&parent=2884"}],"wp:term":[{"taxonomy":"category","embeddable":true,"href":"https:\/\/blog.petertauber.de\/index.php?rest_route=%2Fwp%2Fv2%2Fcategories&post=2884"},{"taxonomy":"post_tag","embeddable":true,"href":"https:\/\/blog.petertauber.de\/index.php?rest_route=%2Fwp%2Fv2%2Ftags&post=2884"}],"curies":[{"name":"wp","href":"https:\/\/api.w.org\/{rel}","templated":true}]}}