{"id":2868,"date":"2016-11-13T12:10:48","date_gmt":"2016-11-13T12:10:48","guid":{"rendered":"http:\/\/blog.petertauber.de\/?p=2868"},"modified":"2016-11-13T07:31:52","modified_gmt":"2016-11-13T07:31:52","slug":"was-ist-typisch-deutsch-buchvorstellung-emitis-pohl-deutschsein-fuer-anfaenger-integration-ist-meine-pflicht","status":"publish","type":"post","link":"https:\/\/blog.petertauber.de\/?p=2868","title":{"rendered":"Was ist typisch Deutsch? \u2013 Buchvorstellung: Emitis Pohl: \u201eDeutschsein f\u00fcr Anf\u00e4nger. Integration ist meine Pflicht\u201c"},"content":{"rendered":"<p><a href=\"http:\/\/blog.petertauber.de\/wp-content\/uploads\/2016\/11\/Pohl_Cover.jpg\"><img loading=\"lazy\" decoding=\"async\" class=\"aligncenter size-full wp-image-2869\" src=\"http:\/\/blog.petertauber.de\/wp-content\/uploads\/2016\/11\/Pohl_Cover.jpg\" alt=\"pohl_cover\" width=\"619\" height=\"959\" srcset=\"https:\/\/blog.petertauber.de\/wp-content\/uploads\/2016\/11\/Pohl_Cover.jpg 619w, https:\/\/blog.petertauber.de\/wp-content\/uploads\/2016\/11\/Pohl_Cover-420x651.jpg 420w\" sizes=\"(max-width: 619px) 100vw, 619px\" \/><\/a><\/p>\n<p>Vor kurzem habe ich das Buch \u201e Deutschsein f\u00fcr Anf\u00e4nger \u2013Integration ist meine Pflicht\u201c gelesen. Und ich bin beeindruckt, aus mehreren Gr\u00fcnden: Zum einen behandelt es ein Thema, was uns in der CDU besonders besch\u00e4ftigt und zum anderen, weil die Autorin dort Ihre eigene, pers\u00f6nliche Sicht auf dieses hochaktuelle Thema bietet.<\/p>\n<p>Die Autorin ist Emitis Pohl. Manche haben Frau Pohl vielleicht bereits im Februar 2016 in der Talkshow \u201eHart aber Fair\u201c gesehen, wo sie mit Samy Charchira, Wolfgang Bosbach, R\u00fcdiger Thust, Ingo Lindemann und Frank Plasberg diskutierte. Es ging dabei auch um die Ereignisse der K\u00f6lner Silvesternacht. Dies ist auch der Ausgangspunkt ihres Buchs.<\/p>\n<p>Darin werden die Ereignisse des vergangenen Jahres und die Asyl-und Fl\u00fcchtlingspolitik thematisiert. Es wird aber getragen durch die biographische Erz\u00e4hlung. Emitis Pohl ist im Iran aufgewachsen, floh mit 13 Jahren nach Deutschland und ist heute Mutter, Autorin, Unternehmerin und Kommunikationsexpertin. Ein wirklich beachtlicher Lebenslauf, der neugierig macht. Gleiches gilt f\u00fcr die einleitenden S\u00e4tze:<\/p>\n<p><em>\u201eIch m\u00f6chte kein Buch \u00fcber Religion schreiben; ich beteilige mich nicht an den Debatten \u00fcber die Frage, welche Sure jetzt wie zu lesen ist, weil das eine zweitrangige Frage ist. Es geht mir um Menschen, um unsere Gesellschaft und wie wir alle friedlich zusammenleben k\u00f6nnen \u2013 und nicht um die Frage, wer an welchen Gott glaubt.\u201c<\/em><\/p>\n<p>Dieser Ansatz der Autorin verspricht einen spannenden Blickwinkel auf die Frage, die uns alle besch\u00e4ftigt: Wie kann Integration gelingen? Wie Sie ihre ganz eigene Antwort auf diese Frage gefunden hat erz\u00e4hlt sie manchmal polarisierend, manchmal entwaffnend, aber immer authentisch.<\/p>\n<p>Frau Pohls Ehrlichkeit, Optimismus und Ehrgeiz machen offensichtlich, dass Integration und das \u201eAnkommen\u201c in einem neuen Land nichts mit Selbstverleugnung oder gar Zwang zu tun hat. Aus ihrer Biografie tritt klar hervor, dass es zwar harte Arbeit ist, noch einmal mit allem komplett neu anzufangen: Sprache, Schule, Freundeskreis, in einem v\u00f6llig fremden Land. Wenn aber die n\u00f6tige Unterst\u00fctzung auf die Bereitschaft trifft, diesen Weg zu gehen, ist das Potential immens. Und davon k\u00f6nnen alle in Deutschland profitieren.<\/p>\n<p>Die Politik kann daf\u00fcr die gesetzlichen Rahmenbedingungen schaffen, so wie wir es getan haben. Worauf es aber genauso ankommt sind die pers\u00f6nlichen Bindungen. Besonders eindr\u00fccklich schildert Frau Pohl zum Beispiel das Engagement von einem Ihrer Lehrer, der sich besonders um sie und ihre Fortschritte k\u00fcmmerte und damit anspornte.<\/p>\n<p>Eines ist klar: Keine zwei Geschichten gleichen sich. Dennoch hat mir dieses Buch auch Mut gemacht \u2013 vor allem das Res\u00fcmee:<\/p>\n<p><em>Was entscheidend ist, es gibt diese Sehnsucht nach den eigenen Wurzeln, die in uns allen steckt. Und Integration hei\u00dft nicht, diese Wurzel zu verleugnen, abzulegen oder zu ersetzen, sondern einfach, dieses Pfl\u00e4nzchen in neue Erde zu stecken. \u201c<\/em><\/p>\n","protected":false},"excerpt":{"rendered":"<div class=\"entry-summary\"><p>Vor kurzem habe ich das Buch \u201e Deutschsein f\u00fcr Anf\u00e4nger \u2013Integration ist meine Pflicht\u201c gelesen. Und ich bin beeindruckt, aus&hellip;<\/p>\n<\/div>\n<div class=\"link-more\">\n\t<a href=\"https:\/\/blog.petertauber.de\/?p=2868\" class=\"more-link\">\n\t\tWeiterlesen<span class=\"screen-reader-text\"> &ldquo;Was ist typisch Deutsch? \u2013 Buchvorstellung: Emitis Pohl: \u201eDeutschsein f\u00fcr Anf\u00e4nger. Integration ist meine Pflicht\u201c&rdquo;<\/span>&hellip;\t<\/a>\n<\/div>\n","protected":false},"author":2,"featured_media":2869,"comment_status":"open","ping_status":"open","sticky":false,"template":"","format":"standard","meta":{"jetpack_post_was_ever_published":false,"_jetpack_newsletter_access":"","_jetpack_dont_email_post_to_subs":false,"_jetpack_newsletter_tier_id":0,"_jetpack_memberships_contains_paywalled_content":false,"footnotes":"","_jetpack_memberships_contains_paid_content":false,"jetpack_publicize_message":"","jetpack_publicize_feature_enabled":true,"jetpack_social_post_already_shared":false,"jetpack_social_options":{"image_generator_settings":{"template":"highway","enabled":false},"version":2}},"categories":[1],"tags":[],"jetpack_publicize_connections":[],"jetpack_sharing_enabled":true,"jetpack_featured_media_url":"https:\/\/blog.petertauber.de\/wp-content\/uploads\/2016\/11\/Pohl_Cover.jpg","jetpack_shortlink":"https:\/\/wp.me\/p35WCI-Kg","_links":{"self":[{"href":"https:\/\/blog.petertauber.de\/index.php?rest_route=\/wp\/v2\/posts\/2868"}],"collection":[{"href":"https:\/\/blog.petertauber.de\/index.php?rest_route=\/wp\/v2\/posts"}],"about":[{"href":"https:\/\/blog.petertauber.de\/index.php?rest_route=\/wp\/v2\/types\/post"}],"author":[{"embeddable":true,"href":"https:\/\/blog.petertauber.de\/index.php?rest_route=\/wp\/v2\/users\/2"}],"replies":[{"embeddable":true,"href":"https:\/\/blog.petertauber.de\/index.php?rest_route=%2Fwp%2Fv2%2Fcomments&post=2868"}],"version-history":[{"count":2,"href":"https:\/\/blog.petertauber.de\/index.php?rest_route=\/wp\/v2\/posts\/2868\/revisions"}],"predecessor-version":[{"id":2871,"href":"https:\/\/blog.petertauber.de\/index.php?rest_route=\/wp\/v2\/posts\/2868\/revisions\/2871"}],"wp:featuredmedia":[{"embeddable":true,"href":"https:\/\/blog.petertauber.de\/index.php?rest_route=\/wp\/v2\/media\/2869"}],"wp:attachment":[{"href":"https:\/\/blog.petertauber.de\/index.php?rest_route=%2Fwp%2Fv2%2Fmedia&parent=2868"}],"wp:term":[{"taxonomy":"category","embeddable":true,"href":"https:\/\/blog.petertauber.de\/index.php?rest_route=%2Fwp%2Fv2%2Fcategories&post=2868"},{"taxonomy":"post_tag","embeddable":true,"href":"https:\/\/blog.petertauber.de\/index.php?rest_route=%2Fwp%2Fv2%2Ftags&post=2868"}],"curies":[{"name":"wp","href":"https:\/\/api.w.org\/{rel}","templated":true}]}}