{"id":2727,"date":"2016-04-19T14:08:15","date_gmt":"2016-04-19T14:08:15","guid":{"rendered":"http:\/\/blog.petertauber.de\/?p=2727"},"modified":"2017-02-16T09:21:36","modified_gmt":"2017-02-16T09:21:36","slug":"medienkompetenz-und-verantwortung-frei-nach-yoda-viel-zu-lernen-du-noch-hast","status":"publish","type":"post","link":"https:\/\/blog.petertauber.de\/?p=2727","title":{"rendered":"Medienkompetenz und Verantwortung, frei nach Yoda: \u201eViel zu lernen du noch hast!\u201c"},"content":{"rendered":"<p>Digitale Souver\u00e4nit\u00e4t ist ein Begriff geworden \u2013 seit wir die digitale Welt fest in unseren Alltag integriert haben. Wie genau wir diese Souver\u00e4nit\u00e4t aber erlangen k\u00f6nnen &#8211; dar\u00fcber wird weniger gesprochen. Das Stichwort lautet Medienkompetenz.<br \/>\nWas diese umfasst, sind die individuell erlangten Antworten auf eine ganze Reihe von wichtigen Fragen:  Wie gehen wir selbst \u2013 also jeder einzelne von uns \u2013 mit digitalen Medien um? Sind wir beispielsweise sensibel genug mit unseren Daten? Wie sieht \u00fcberhaupt der digital souver\u00e4ne Nutzer aus? Was kann Medienkompetenz hier leisten? Wie k\u00f6nnen wir insbesondere unsere Kinder und Jugendlichen kompetent und souver\u00e4n auf die digitale Welt vorbereiten? Nutzen unsere Schulen und Universit\u00e4ten schon alle M\u00f6glichkeiten, um junge Leute auf die digitale Welt vorzubereiten? Wo muss der Staat helfend eingreifen \u2013 Stichwort Jugendschutz und Jugendmedienschutz.<br \/>\nDie Relevanz dieser Fragen ist offensichtlich. 75-95% der Kinder und Jugendlichen zwischen 6 und 13 Jahren sind online, \u00fcber 50% der \u00e4lteren t\u00e4glich. Es n\u00fctzt also  nichts, die digitale Welt \u201eabgetrennt\u201c von der Realit\u00e4t zu vermitteln. F\u00fcr Kinder und Jugendliche ist sie n\u00e4mlich schon Alltag.<\/p>\n<p><a href=\"http:\/\/blog.petertauber.de\/wp-content\/uploads\/2016\/04\/P9A3855_1_s.jpg\"><img loading=\"lazy\" decoding=\"async\" src=\"http:\/\/blog.petertauber.de\/wp-content\/uploads\/2016\/04\/P9A3855_1_s.jpg\" alt=\"_P9A3855_1_s\" width=\"1300\" height=\"717\" class=\"aligncenter size-full wp-image-2728\" srcset=\"https:\/\/blog.petertauber.de\/wp-content\/uploads\/2016\/04\/P9A3855_1_s.jpg 1300w, https:\/\/blog.petertauber.de\/wp-content\/uploads\/2016\/04\/P9A3855_1_s-420x232.jpg 420w, https:\/\/blog.petertauber.de\/wp-content\/uploads\/2016\/04\/P9A3855_1_s-744x410.jpg 744w, https:\/\/blog.petertauber.de\/wp-content\/uploads\/2016\/04\/P9A3855_1_s-768x424.jpg 768w, https:\/\/blog.petertauber.de\/wp-content\/uploads\/2016\/04\/P9A3855_1_s-1200x662.jpg 1200w\" sizes=\"(max-width: 1300px) 100vw, 1300px\" \/><\/a><\/p>\n<p>Die Politik kann hierzu das Fundament legen, durch gesetzliche Vorgaben f\u00fcr den Jugend- und Jugendmedienschutz. Allerdings greifen diese allein zu kurz. Die Eltern und Schulen stehen in der Verantwortung, ihren Kindern den bewussten Umgang mit der digitalen Welt zu vermitteln. Gleichzeitig m\u00fcssen die Lehrenden den aktuellen Stand vermittelt bekommen. Das sind langfristige Prozesse, die sich durch konstanten Austausch bereichern m\u00fcssen. Online-Mobbing, Gewaltdarstellungen und fragw\u00fcrdige Inhalte \u2013 das sind stets neue Herausforderungen, denen Eltern mangels Hintergrundwissen oft \u00fcberfordert gegen\u00fcberstehen. Deshalb ist es so wichtig, dass zwischen allen Beteiligten \u2013 Schule, Eltern und Jugendlichen- Austausch stattfindet. Dazu unterst\u00fctzende Strukturen zu schaffen ist die Aufgabe der Beteiligten.<br \/>\nEin digital-souver\u00e4ner Mensch ist also jemand, der die Chancen der Informations- und Kommunikationstechnologie nutzt und gleichzeitig um die Risiken wei\u00df, sodass er die angemessenen Entscheidungen treffen kann.<br \/>\nPeter Bisa und Mike Friedrichsen haben zu diesem Themenkomplex ein Buch ver\u00f6ffentlicht, das sich explizit mit der digitalen Souver\u00e4nit\u00e4t und den von ihr aufgeworfenen Fragen besch\u00e4ftigt. Die Beitr\u00e4ge spannen einen Bogen zwischen politischer, wirtschaftlicher, juristischer und kultureller Ebene. Und so wird deutlich, dass die Auseinandersetzung \u00fcber die Verantwortung im digitalen Raum auch in den kommenden Jahren an Bedeutung nur gewinnen wird. Ich empfehle dieses Buch gern jedem, der sich in dieser Hinsicht informieren m\u00f6chte.<\/p>\n","protected":false},"excerpt":{"rendered":"<div class=\"entry-summary\"><p>Digitale Souver\u00e4nit\u00e4t ist ein Begriff geworden \u2013 seit wir die digitale Welt fest in unseren Alltag integriert haben. Wie genau&hellip;<\/p>\n<\/div>\n<div class=\"link-more\">\n\t<a href=\"https:\/\/blog.petertauber.de\/?p=2727\" class=\"more-link\">\n\t\tWeiterlesen<span class=\"screen-reader-text\"> &ldquo;Medienkompetenz und Verantwortung, frei nach Yoda: \u201eViel zu lernen du noch hast!\u201c&rdquo;<\/span>&hellip;\t<\/a>\n<\/div>\n","protected":false},"author":2,"featured_media":2728,"comment_status":"open","ping_status":"open","sticky":false,"template":"","format":"standard","meta":{"jetpack_post_was_ever_published":false,"_jetpack_newsletter_access":"","_jetpack_dont_email_post_to_subs":false,"_jetpack_newsletter_tier_id":0,"_jetpack_memberships_contains_paywalled_content":false,"footnotes":"","_jetpack_memberships_contains_paid_content":false,"jetpack_publicize_message":"","jetpack_publicize_feature_enabled":true,"jetpack_social_post_already_shared":false,"jetpack_social_options":{"image_generator_settings":{"template":"highway","enabled":false},"version":2}},"categories":[785,6],"tags":[96,747,117],"jetpack_publicize_connections":[],"jetpack_sharing_enabled":true,"jetpack_featured_media_url":"https:\/\/blog.petertauber.de\/wp-content\/uploads\/2016\/04\/P9A3855_1_s.jpg","jetpack_shortlink":"https:\/\/wp.me\/p35WCI-HZ","_links":{"self":[{"href":"https:\/\/blog.petertauber.de\/index.php?rest_route=\/wp\/v2\/posts\/2727"}],"collection":[{"href":"https:\/\/blog.petertauber.de\/index.php?rest_route=\/wp\/v2\/posts"}],"about":[{"href":"https:\/\/blog.petertauber.de\/index.php?rest_route=\/wp\/v2\/types\/post"}],"author":[{"embeddable":true,"href":"https:\/\/blog.petertauber.de\/index.php?rest_route=\/wp\/v2\/users\/2"}],"replies":[{"embeddable":true,"href":"https:\/\/blog.petertauber.de\/index.php?rest_route=%2Fwp%2Fv2%2Fcomments&post=2727"}],"version-history":[{"count":1,"href":"https:\/\/blog.petertauber.de\/index.php?rest_route=\/wp\/v2\/posts\/2727\/revisions"}],"predecessor-version":[{"id":2729,"href":"https:\/\/blog.petertauber.de\/index.php?rest_route=\/wp\/v2\/posts\/2727\/revisions\/2729"}],"wp:featuredmedia":[{"embeddable":true,"href":"https:\/\/blog.petertauber.de\/index.php?rest_route=\/wp\/v2\/media\/2728"}],"wp:attachment":[{"href":"https:\/\/blog.petertauber.de\/index.php?rest_route=%2Fwp%2Fv2%2Fmedia&parent=2727"}],"wp:term":[{"taxonomy":"category","embeddable":true,"href":"https:\/\/blog.petertauber.de\/index.php?rest_route=%2Fwp%2Fv2%2Fcategories&post=2727"},{"taxonomy":"post_tag","embeddable":true,"href":"https:\/\/blog.petertauber.de\/index.php?rest_route=%2Fwp%2Fv2%2Ftags&post=2727"}],"curies":[{"name":"wp","href":"https:\/\/api.w.org\/{rel}","templated":true}]}}