{"id":2523,"date":"2015-09-09T17:00:13","date_gmt":"2015-09-09T17:00:13","guid":{"rendered":"http:\/\/blog.petertauber.de\/?p=2523"},"modified":"2017-02-16T09:21:44","modified_gmt":"2017-02-16T09:21:44","slug":"das-c-in-der-cdu-und-die-fluechtlingsfrage-packen-wir-es-gemeinsam-an","status":"publish","type":"post","link":"https:\/\/blog.petertauber.de\/?p=2523","title":{"rendered":"Das \u201aC\u2018 in der CDU und die Fl\u00fcchtlingsfrage \u2013 Packen wir es gemeinsam an!"},"content":{"rendered":"<p>Welche Bedeutung hat eigentlich das \u201eC\u201c heute noch in unserem Parteinamen? Ich wei\u00df nicht, wie oft mir diese Frage in den vergangenen Jahren gestellt wurde. Selten jedoch fiel mir die Antwort so leicht wie in diesen Tagen: Wer wissen will, wie gelebte christliche N\u00e4chstenliebe in unserer Partei aussieht und was das \u201eC\u201c f\u00fcr Christdemokraten bedeutet, der muss derzeit nur mit offenen Augen durch unser Land gehen.<br \/>\nWir alle kennen die Bilder von Menschen am M\u00fcnchner Hauptbahnhof, die entkr\u00e4ftete Fl\u00fcchtlinge mit Nahrung, Kleidung und Kuscheltieren f\u00fcr die Kinder nach Monaten der Entbehrung herzlich willkommen hei\u00dfen. Besonders beeindruckt hat mich das Bild des Polizisten, der einem kleinen Jungen seine Polizeim\u00fctze auf den Kopf setzt. Beide lachen sich an. Diese Menschen haben wahrscheinlich noch nie jemanden in Uniform erlebt, der freundlich zu ihnen ist, dem sie vertrauen k\u00f6nnen. Wir merken einmal mehr, wie gut die Lebensumst\u00e4nde sind, wie stark und sicher unser Land doch ist.<\/p>\n<p>Noch wichtiger jedoch als diese Bilder, die \u00f6ffentlichkeitswirksam \u00fcber die weltweiten Fernsehbildschirme flimmerten, ist die konkrete Hilfe vor Ort. Unheimlich viele B\u00fcrgerinnen und B\u00fcrger engagieren sich. Ihnen sei an dieser Stelle ein herzliches Dankesch\u00f6n gesagt. Als Generalsekret\u00e4r der CDU schaue ich aber nat\u00fcrlich auch auf das, was unsere Mitglieder tun. Und ich freue mich sehr, dass sich auch viele Christdemokratinnen und Christdemokraten dieser Tage f\u00fcr Fl\u00fcchtlinge engagieren. Und wenn man sie fragt, was sie motiviert, dann verweisen sie oft auf das \u201eC\u201c in unserem Parteinamen. Exemplarisch will ich daher von vielen kleinen positiven Geschichten, die mich erreicht haben, ein paar aus meinem Wahlkreis weitergeben. Sie sollen Mut machen, sich weiter zu engagieren und zu helfen.<\/p>\n<figure id=\"attachment_2524\" aria-describedby=\"caption-attachment-2524\" style=\"width: 1300px\" class=\"wp-caption alignright\"><a href=\"http:\/\/blog.petertauber.de\/wp-content\/uploads\/2015\/09\/WP0B9493_ed_z.jpg\"><img loading=\"lazy\" decoding=\"async\" class=\"size-full wp-image-2524\" src=\"http:\/\/blog.petertauber.de\/wp-content\/uploads\/2015\/09\/WP0B9493_ed_z.jpg\" alt=\"\u201ePeter Tauber beim Besuch einer Notunterkunft f\u00fcr christliche Fl\u00fcchtlinge aus Syrien (Foto: Tobias Koch)\" width=\"1300\" height=\"912\" srcset=\"https:\/\/blog.petertauber.de\/wp-content\/uploads\/2015\/09\/WP0B9493_ed_z.jpg 1300w, https:\/\/blog.petertauber.de\/wp-content\/uploads\/2015\/09\/WP0B9493_ed_z-420x295.jpg 420w, https:\/\/blog.petertauber.de\/wp-content\/uploads\/2015\/09\/WP0B9493_ed_z-744x522.jpg 744w, https:\/\/blog.petertauber.de\/wp-content\/uploads\/2015\/09\/WP0B9493_ed_z-768x539.jpg 768w, https:\/\/blog.petertauber.de\/wp-content\/uploads\/2015\/09\/WP0B9493_ed_z-1200x842.jpg 1200w\" sizes=\"(max-width: 1300px) 100vw, 1300px\" \/><\/a><figcaption id=\"caption-attachment-2524\" class=\"wp-caption-text\">\u201ePeter Tauber beim Besuch einer Notunterkunft f\u00fcr christliche Fl\u00fcchtlinge aus Syrien (Foto: Tobias Koch)<\/figcaption><\/figure>\n<p>Da ist zum Beispiel das 80-j\u00e4hrige CDU-Mitglied aus B\u00fcdingen, das 1943 selbst mit seiner Familie und nichts als einem Rucksack als Hab und Gut vor dem Bombenhagel in Hamburg fliehen musste, in Hessen eine neue Heimat fand und sich heute in der Fl\u00fcchtlingshilfe als Pate engagiert. Er kennt das Gef\u00fchl, fremd zu sein. Und er will helfen, dass die Menschen sich schneller in ihrer neuen Heimat zurechtfinden.<br \/>\nDa ist die Dame von der CDU Schotten, die ihre Wohnung einer syrische Familie mit kleinen Kindern zur Verf\u00fcgung stellte und heute noch mit strahlenden Augen von der gemeinsamen Zeit berichtet \u2013 obwohl sie immer wieder mit Anfeindungen weniger toleranter Mitb\u00fcrger zu k\u00e4mpfen hatte. Sie blieb konsequent und steht zu ihren \u00dcberzeugungen. \u201eWir haben doch das C im Namen\u201c, sagt sie und sagte dem einen oder anderen in ihrem Umfeld, dass sie keinen weiteren Kontakt w\u00fcnsche, wenn diese bei ihrer menschenfeindlichen Haltung bleiben w\u00fcrden.<\/p>\n<p>In Gr\u00fcndau engagiert sich ein CDU-Freund gemeinsam mit seiner Gattin in der Fl\u00fcchtlingsbetreuung. Er k\u00fcmmert sich um die Versorgung mit Lebensmitteln, sie gibt den Neuank\u00f6mmlingen Deutschkurse. Er ist Vorsitzender der Tafel und kennt die Situation von Menschen in Not. Jetzt hilft er auch noch Fl\u00fcchtlingen und schaut vor deren Not nicht weg. Seine Frau hilft beim Lernen der deutschen Sprache.<br \/>\nEin Mitglied des Gemeindevorstands aus den Reihen der CDU Hirzenhain tut es ihr gleich und auch im Jossgrund wird der gemeinsame \u201eKochabend\u201c von einheimischen Helfern und Fl\u00fcchtlingen in einer \u00f6rtlichen Gastst\u00e4tte ganz selbstverst\u00e4ndlich von den Christdemokraten vor Ort unterst\u00fctzt.<\/p>\n<p>Nicht unerw\u00e4hnt bleiben soll auch der gro\u00dfe Einsatz der Kirchengemeinden; exemplarisch sei hier nur die katholische Frauengemeinschaft Bad Orb genannt, die die Fl\u00fcchtlinge mit Kleidung und M\u00f6beln versorgt und ihnen beim \u00dcberwinden b\u00fcrokratischer H\u00fcrden mit Rat und Tat zur Seite steht. In vorderster Front engagiert sich dabei auch eine Frau aus den Reihen der Orber CDU.<\/p>\n<p>Im benachbarten Biebergem\u00fcnd haben sich viele Freiwillige als \u201eHelfende H\u00e4nde\u201c zusammengeschlossen und fungieren als Vermittler zwischen den Neuank\u00f6mmlingen und der Gemeinde. Der angebotene Deutschunterricht reicht von Grundbegriffen bis hin zu Kursen auf VHS-Niveau. Der \u00f6rtliche CDU-Fraktionsvorsitzende k\u00fcmmert sich als Pate derzeit um vier junge Menschen aus Afghanistan. Seiner Erfahrung nach funktioniert Integration besonders gut auf dem Fu\u00dfballplatz. Davon profitieren auch die \u00f6rtlichen Vereine.<\/p>\n<p>Und dann ist da noch die CDU Freigericht, auf deren Betreiben bereits im vergangenen Herbst, lange vor der aktuellen Debatte also, ein \u201eFest der Nationen\u201c initiiert wurde, das in diesen Tagen in Somborn Premiere feiert. Verschickt wurden sage und schreibe 800 Briefe an Familien aus 63 Nationen, die inzwischen in Freigericht heimisch geworden sind. Der passende Slogan lautet: \u201e\u2026besser bunt!\u201c Ich werde das Fest besuchen.<\/p>\n<p>Der Titel \u201e&#8230;besser bunt!\u201c klingt einladend. Viel sch\u00f6ner kann man es nicht sagen, h\u00f6chstens erg\u00e4nzen: \u201e\u2026 viel besser gemeinsam!\u201c Darum wird es nicht nur in den n\u00e4chsten Tagen und Wochen gehen. Sich dar\u00fcber Gedanken zu machen, wie Integration gelingen kann, was die Menschen in unserem Land verbindet, wie wir sie integrieren und f\u00fcr Deutschland begeistern k\u00f6nnen, damit sie sich als B\u00fcrger dieses Landes f\u00fchlen, das wird uns noch vor gro\u00dfe Herausforderungen stellen. Aber ich bin sicher, wir werden das gemeinsam schaffen. Dabei k\u00f6nnen wir auf viele Menschen aller Altersklassen in unserem Land vertrauen. So auch auf den ehemaligen Landrat des Main-Kinzig-Kreises, dessen Frau einst aus Masuren nach Hessen floh. Er sagt: \u201eWenn man mich in der Fl\u00fcchtlingshilfe braucht \u2013 ich stehe bereit.\u201c Mit seinen knapp 90 Jahren Lebenserfahrung wei\u00df er, was jetzt zu tun ist. Packen wir es zusammen an!<\/p>\n","protected":false},"excerpt":{"rendered":"<div class=\"entry-summary\"><p>Welche Bedeutung hat eigentlich das \u201eC\u201c heute noch in unserem Parteinamen? Ich wei\u00df nicht, wie oft mir diese Frage in&hellip;<\/p>\n<\/div>\n<div class=\"link-more\">\n\t<a href=\"https:\/\/blog.petertauber.de\/?p=2523\" class=\"more-link\">\n\t\tWeiterlesen<span class=\"screen-reader-text\"> &ldquo;Das \u201aC\u2018 in der CDU und die Fl\u00fcchtlingsfrage \u2013 Packen wir es gemeinsam an!&rdquo;<\/span>&hellip;\t<\/a>\n<\/div>\n","protected":false},"author":2,"featured_media":2524,"comment_status":"open","ping_status":"open","sticky":false,"template":"","format":"standard","meta":{"jetpack_post_was_ever_published":false,"_jetpack_newsletter_access":"","_jetpack_dont_email_post_to_subs":false,"_jetpack_newsletter_tier_id":0,"_jetpack_memberships_contains_paywalled_content":false,"footnotes":"","_jetpack_memberships_contains_paid_content":false,"jetpack_publicize_message":"","jetpack_publicize_feature_enabled":true,"jetpack_social_post_already_shared":false,"jetpack_social_options":{"image_generator_settings":{"template":"highway","enabled":false},"version":2}},"categories":[785,6],"tags":[32,703,704],"jetpack_publicize_connections":[],"jetpack_sharing_enabled":true,"jetpack_featured_media_url":"https:\/\/blog.petertauber.de\/wp-content\/uploads\/2015\/09\/WP0B9493_ed_z.jpg","jetpack_shortlink":"https:\/\/wp.me\/p35WCI-EH","_links":{"self":[{"href":"https:\/\/blog.petertauber.de\/index.php?rest_route=\/wp\/v2\/posts\/2523"}],"collection":[{"href":"https:\/\/blog.petertauber.de\/index.php?rest_route=\/wp\/v2\/posts"}],"about":[{"href":"https:\/\/blog.petertauber.de\/index.php?rest_route=\/wp\/v2\/types\/post"}],"author":[{"embeddable":true,"href":"https:\/\/blog.petertauber.de\/index.php?rest_route=\/wp\/v2\/users\/2"}],"replies":[{"embeddable":true,"href":"https:\/\/blog.petertauber.de\/index.php?rest_route=%2Fwp%2Fv2%2Fcomments&post=2523"}],"version-history":[{"count":6,"href":"https:\/\/blog.petertauber.de\/index.php?rest_route=\/wp\/v2\/posts\/2523\/revisions"}],"predecessor-version":[{"id":2530,"href":"https:\/\/blog.petertauber.de\/index.php?rest_route=\/wp\/v2\/posts\/2523\/revisions\/2530"}],"wp:featuredmedia":[{"embeddable":true,"href":"https:\/\/blog.petertauber.de\/index.php?rest_route=\/wp\/v2\/media\/2524"}],"wp:attachment":[{"href":"https:\/\/blog.petertauber.de\/index.php?rest_route=%2Fwp%2Fv2%2Fmedia&parent=2523"}],"wp:term":[{"taxonomy":"category","embeddable":true,"href":"https:\/\/blog.petertauber.de\/index.php?rest_route=%2Fwp%2Fv2%2Fcategories&post=2523"},{"taxonomy":"post_tag","embeddable":true,"href":"https:\/\/blog.petertauber.de\/index.php?rest_route=%2Fwp%2Fv2%2Ftags&post=2523"}],"curies":[{"name":"wp","href":"https:\/\/api.w.org\/{rel}","templated":true}]}}