{"id":2377,"date":"2015-04-17T07:54:41","date_gmt":"2015-04-17T07:54:41","guid":{"rendered":"http:\/\/blog.petertauber.de\/?p=2377"},"modified":"2015-04-17T09:04:10","modified_gmt":"2015-04-17T09:04:10","slug":"meine-cdu-2017-wir-diskutieren-die-zukunft-unserer-partei","status":"publish","type":"post","link":"https:\/\/blog.petertauber.de\/?p=2377","title":{"rendered":"Meine CDU 2017. Wir diskutieren die Zukunft unserer Partei"},"content":{"rendered":"<p><a href=\"http:\/\/blog.petertauber.de\/wp-content\/uploads\/2015\/04\/Reform-Meine-CDU-2017_s.jpg\"><img loading=\"lazy\" decoding=\"async\" class=\"alignright size-full wp-image-2378\" alt=\"Fotograf: Tobias Koch www.tobiaskoch.net\" src=\"http:\/\/blog.petertauber.de\/wp-content\/uploads\/2015\/04\/Reform-Meine-CDU-2017_s.jpg\" width=\"900\" height=\"471\" srcset=\"https:\/\/blog.petertauber.de\/wp-content\/uploads\/2015\/04\/Reform-Meine-CDU-2017_s.jpg 900w, https:\/\/blog.petertauber.de\/wp-content\/uploads\/2015\/04\/Reform-Meine-CDU-2017_s-420x220.jpg 420w, https:\/\/blog.petertauber.de\/wp-content\/uploads\/2015\/04\/Reform-Meine-CDU-2017_s-744x389.jpg 744w, https:\/\/blog.petertauber.de\/wp-content\/uploads\/2015\/04\/Reform-Meine-CDU-2017_s-768x402.jpg 768w\" sizes=\"(max-width: 900px) 100vw, 900px\" \/><\/a><\/p>\n<p>Fast 30 Termine habe ich jetzt \u00fcberall in der Republik zur Parteireform \u201eMeine CDU 2017\u201c durchgef\u00fchrt. Vor Ort waren unsere Mitglieder gemeinsam mit Kreisvorsitzenden, Abgeordneten und Kreisgesch\u00e4ftsf\u00fchrern und sie alle haben gemeinsam diskutiert, zugeh\u00f6rt und auch Kritik an der Partei ge\u00fcbt. Man merkt, dass die Mitglieder verschiedene wichtige Anliegen haben: Sie w\u00fcnschen sich eine st\u00e4rkere Wertsch\u00e4tzung ihrer Arbeit, sie wollen anders geh\u00f6rt werden und zu Wort kommen, sie wollen besser erkl\u00e4rt bekommen, warum wir in Berlin oder auch auf Landesebene bestimmte Entscheidungen treffen. Genau deshalb habe ich schon letztes Jahr \u00fcber 100 Stadt- und Kreisverb\u00e4nde der CDU besucht &#8211; und dieses Jahr werden es sogar noch mehr.<\/p>\n<p>Und ich habe gemerkt: Wenn man unseren Mitgliedern erkl\u00e4rt, warum wir vielleicht auch liebgewonnene Dinge infrage stellen m\u00fcssen, dann sind sie dabei. <strong>Unsere Parteibasis ist viel offener f\u00fcr Ver\u00e4nderungen als mancher vermutet<\/strong>. Das ist auch kein Wunder: Die Mitglieder der CDU wissen, dass sich unsere Gesellschaft ver\u00e4ndert und dass wir als Partei Schritt halten m\u00fcssen. Dies gilt auch f\u00fcr unsere Organisationsstruktur und Arbeitsweise.<\/p>\n<p>Wichtig ist unseren Mitgliedern aber auch, dass wir als Christdemokraten bleiben, wer wir sind: <strong>Die Volkspartei in der Mitte der Gesellschaft, die aufbaut auf dem \u201eC\u201c und dem christlichen Menschenbild, der sozialen Marktwirtschaft und der Liebe zum Vaterland<\/strong>. Die Aufgabe ist dabei keine einfache. Denn Christdemokraten m\u00fcssen, aufbauend auf dem was immer gilt, Antworten auf Herausforderungen von heute und morgen geben. Und nat\u00fcrlich wird die CDU mit dem Bundestagswahlprogramm von 1990 keine Wahl im Jahr 2017 gewinnen k\u00f6nnen. Schon die Antworten von 2013 werden im Zweifel nicht reichen. Darin liegt der Schl\u00fcssel f\u00fcr unseren Erfolg. Christdemokraten haben seit ihrer Gr\u00fcndung immer wieder neu nachgedacht, sich hinterfragt und das werden wir auch k\u00fcnftig tun m\u00fcssen, wenn wir erfolgreich sein wollen.<\/p>\n<p>Interessenten und potentielle Mitglieder, aber auch die, die neu eingetreten sind, fragen uns nach dem \u201eMehrwert\u201c oder Nutzen ihrer Mitgliedschaft.\u00a0Wenn wir f\u00fcr B\u00fcrgerinnen und B\u00fcrger attraktiv sein wollen, werden wir neue Formen der Mitarbeit er\u00f6ffnen m\u00fcssen.<\/p>\n<p><iframe loading=\"lazy\" width=\"560\" height=\"315\" src=\"https:\/\/www.youtube.com\/embed\/vdD0BjE5RfY\" frameborder=\"0\" allowfullscreen><\/iframe><\/p>\n<p>Ein Mitglied meint: \u201eAls eine moderne Volkspartei muss die CDU die direkte Mitbestimmung ihrer Mitglieder verbessern. Dazu sollte es durch \u00c4nderung der Satzung m\u00f6glich sein, dass Kreisverb\u00e4nde ihre Kreisparteitage als Mitgliederparteitag durchf\u00fchren m\u00fcssen. (&#8230;) Das bisherige Delegiertensystem hat (&#8230;) ausgedient.\u201c Auch andere Mitglieder haben uns dazu viele Vorschl\u00e4ge geschickt. Ein wichtiger Punkt ist das <strong>Mitgliederprinzip<\/strong> auf Parteitagen der Kreis-Ebene. Schon heute laden viele Kreisverb\u00e4nde alle Mitglieder zum Kreisparteitag ein. Ich finde, das sollten k\u00fcnftig alle Kreisverb\u00e4nde so handhaben.<\/p>\n<p>Nicht nur die Medien interessieren sich f\u00fcr unsere Parteitage! Auch unsere Mitglieder w\u00fcrden daran gerne anders teilhaben, als nur die \u00dcbertragung im Internet zu oder die Medienberichte zu verfolgen. Ein Mitglied hat uns geschrieben: \u201eAufregend und motivierend zugleich sind unsere Parteitage auf Bundes- und Landesebene. Ich sehe ein, dass die Pl\u00e4tze dabei begrenzt werden m\u00fcssen, wenn Delegierte entsandt werden. Es w\u00e4re aber eine \u00dcberlegung wert, einen erweiterten Zugang den Mitgliedern zu erm\u00f6glichen, die nicht gleichzeitig Delegierte sind. Das Recht, Fragen zu stellen bzw. Anregungen einbringen zu k\u00f6nnen, w\u00e4re sicher eine M\u00f6glichkeit.\u201c<\/p>\n<p><a href=\"http:\/\/blog.petertauber.de\/wp-content\/uploads\/2015\/04\/2014-10-21-Meine-CDU-2014-Visuelles-Protokoll_s.jpg\"><img loading=\"lazy\" decoding=\"async\" class=\"alignright size-full wp-image-2379\" alt=\"2014-10-21 Meine CDU 2014 Visuelles Protokoll_s\" src=\"http:\/\/blog.petertauber.de\/wp-content\/uploads\/2015\/04\/2014-10-21-Meine-CDU-2014-Visuelles-Protokoll_s.jpg\" width=\"900\" height=\"564\" srcset=\"https:\/\/blog.petertauber.de\/wp-content\/uploads\/2015\/04\/2014-10-21-Meine-CDU-2014-Visuelles-Protokoll_s.jpg 900w, https:\/\/blog.petertauber.de\/wp-content\/uploads\/2015\/04\/2014-10-21-Meine-CDU-2014-Visuelles-Protokoll_s-420x263.jpg 420w, https:\/\/blog.petertauber.de\/wp-content\/uploads\/2015\/04\/2014-10-21-Meine-CDU-2014-Visuelles-Protokoll_s-744x466.jpg 744w, https:\/\/blog.petertauber.de\/wp-content\/uploads\/2015\/04\/2014-10-21-Meine-CDU-2014-Visuelles-Protokoll_s-768x481.jpg 768w\" sizes=\"(max-width: 900px) 100vw, 900px\" \/><\/a><\/p>\n<p>Er ist mit diesen Ideen nicht alleine. Viele unserer Mitglieder w\u00fcnschen sich, dass wir auf \u00fcbergeordneter Ebene zuh\u00f6ren. Wir haben schon beim Wahlprogramm zur Europawahl 2014 und zu Leitantr\u00e4gen des CDU-Bundesvorstandes zu Parteitagen die M\u00f6glichkeit er\u00f6ffnet, online Vorschl\u00e4ge zu machen \u2013 f\u00fcr jedes Mitglied. Andere Mitglieder hatten die M\u00f6glichkeit, diese Vorschl\u00e4ge zu bewerten und bei einer entsprechenden Unterst\u00fctzung haben wir sie auf den Parteitagen zur Abstimmung gestellt. In meiner Funktion als Generalsekret\u00e4r habe ich sie vorher in die Beratung der Antragskommission eingebracht. Gut w\u00e4re es, wenn es daf\u00fcr k\u00fcnftig ein formales Verfahren gibt. So erhalten unsere Mitglieder die M\u00f6glichkeit, Antr\u00e4ge f\u00fcr den Parteitag der CDU Deutschlands zu stellen, wenn sie eine ausreichende Anzahl von Unterst\u00fctzern haben. Eine gute und neue Form der Beteiligungsm\u00f6glichkeit: ein <strong>Antragsrecht der Mitglieder f\u00fcr den Bundesparteitag<\/strong>.<\/p>\n<p>Ein Mitglied schrieb uns: \u201eEs ist sehr schade, dass Kompetenzen, Wissen und Interessen oft in den K\u00f6pfen der Mitglieder schlummern und nicht in einen politischen Diskurs einflie\u00dfen. Wenn man in einem Ortsverband arbeitet, kann man viel zu wenig an anderen Themen wie beispielsweise Bildungspolitik oder Umweltpolitik teilhaben. Regionalkonferenzen sind ein guter Anfang, aber die konkrete Abfrage der Mitglieder nach ihren fachlichen Expertisen und konkrete lebendige politische Fachkongresse k\u00f6nnten die parteipolitische Meinungsbildung beleben und die Mitglieder st\u00e4rker einbinden.\u201c Richtig! Darum wollen wir beispielsweise unsere Netzwerke und Bundesfachaussch\u00fcsse \u00f6ffnen. Diese sollen regelm\u00e4\u00dfig eine Beteiligung f\u00fcr alle Parteimitglieder erm\u00f6glichen. Mit einem <strong>Modellprojekt, der digitalen Fachkommission<\/strong>, haben wir das erprobt und wollen dies nun \u00fcberf\u00fchren. Es stimmt: Wir verschenken zu viel Wissen und sollten unseren Mitgliedern die M\u00f6glichkeit geben, auch auf Bundesebene ihren Sachverstand anders einzubringen.<\/p>\n<p>Besonderes Augenmerk verdient au\u00dferdem die <strong>Arbeit mit unseren Neumitgliedern<\/strong>. Politik ist ein Handwerk und deswegen muss man die politische Arbeit lernen. Dazu muss man Gelegenheiten geben. Man muss erkl\u00e4ren, wie unsere Partei \u201efunktioniert\u201c. Unsere Stadt- und Gemeindeverb\u00e4nde, die Vorst\u00e4nde vor Ort haben dabei eine besondere Verantwortung. Wir wollen daher k\u00fcnftig verpflichtend\u00a0<strong>Mitgliederbeauftragte<\/strong> in die Vorst\u00e4nde w\u00e4hlen lassen, die diese Aufgabe \u00fcbernehmen \u2013 und auch mit Leben f\u00fcllen \u2013 als ein Amt, das Verantwortung f\u00fcr die Begleitung neuer Mitglieder schafft und nicht als unliebsame Aufgabe empfunden wird, die man im Zweifel an den hauptamtlichen Kreisgesch\u00e4ftsf\u00fchrer delegiert. Jeder Verband braucht k\u00fcnftig einen solchen Mitgliederbeauftragten. Die Bundespartei ist aber ebenfalls gefordert. Wir sollten \u00fcberlegen, wie wir neue Mitglieder in den ersten Monaten begleiten k\u00f6nnen \u2013 durch bessere Informationen, durch Schulungsangebote und Kampagnen. Daran arbeiten wir.<\/p>\n<p>Die Diskussionen in der Kommission zur Parteireform \u201eMeine CDU 2017\u201c gehen weiter bis zur Sommerpause. Dann werden wir unsere Vorschl\u00e4ge dem Bundesvorstand vorlegen und die Parteigliederungen bitten, erneut dar\u00fcber zu beraten. Nat\u00fcrlich werden auch die Mitglieder weiter in die Diskussionen einbezogen. Auf dem Parteitag Ende 2015 in Karlsruhe werden wir die entsprechenden Beschl\u00fcsse fassen. Bis dahin sind alle Mitglieder eingeladen, den Prozess aktiv mitzugestalten. Das bedeutet noch viel Arbeit f\u00fcr uns alle. Ich freue mich darauf. Es lohnt sich.\u00a0<strong>Denn es ist unsere CDU!<\/strong><\/p>\n","protected":false},"excerpt":{"rendered":"<div class=\"entry-summary\"><p>Fast 30 Termine habe ich jetzt \u00fcberall in der Republik zur Parteireform \u201eMeine CDU 2017\u201c durchgef\u00fchrt. Vor Ort waren unsere&hellip;<\/p>\n<\/div>\n<div class=\"link-more\">\n\t<a href=\"https:\/\/blog.petertauber.de\/?p=2377\" class=\"more-link\">\n\t\tWeiterlesen<span class=\"screen-reader-text\"> &ldquo;Meine CDU 2017. Wir diskutieren die Zukunft unserer Partei&rdquo;<\/span>&hellip;\t<\/a>\n<\/div>\n","protected":false},"author":2,"featured_media":2378,"comment_status":"open","ping_status":"open","sticky":false,"template":"","format":"standard","meta":{"jetpack_post_was_ever_published":false,"_jetpack_newsletter_access":"","_jetpack_dont_email_post_to_subs":false,"_jetpack_newsletter_tier_id":0,"_jetpack_memberships_contains_paywalled_content":false,"footnotes":"","_jetpack_memberships_contains_paid_content":false,"jetpack_publicize_message":"","jetpack_publicize_feature_enabled":true,"jetpack_social_post_already_shared":false,"jetpack_social_options":{"image_generator_settings":{"template":"highway","enabled":false},"version":2}},"categories":[6],"tags":[32,554,657,658,599],"jetpack_publicize_connections":[],"jetpack_sharing_enabled":true,"jetpack_featured_media_url":"https:\/\/blog.petertauber.de\/wp-content\/uploads\/2015\/04\/Reform-Meine-CDU-2017_s.jpg","jetpack_shortlink":"https:\/\/wp.me\/p35WCI-Cl","_links":{"self":[{"href":"https:\/\/blog.petertauber.de\/index.php?rest_route=\/wp\/v2\/posts\/2377"}],"collection":[{"href":"https:\/\/blog.petertauber.de\/index.php?rest_route=\/wp\/v2\/posts"}],"about":[{"href":"https:\/\/blog.petertauber.de\/index.php?rest_route=\/wp\/v2\/types\/post"}],"author":[{"embeddable":true,"href":"https:\/\/blog.petertauber.de\/index.php?rest_route=\/wp\/v2\/users\/2"}],"replies":[{"embeddable":true,"href":"https:\/\/blog.petertauber.de\/index.php?rest_route=%2Fwp%2Fv2%2Fcomments&post=2377"}],"version-history":[{"count":6,"href":"https:\/\/blog.petertauber.de\/index.php?rest_route=\/wp\/v2\/posts\/2377\/revisions"}],"predecessor-version":[{"id":2385,"href":"https:\/\/blog.petertauber.de\/index.php?rest_route=\/wp\/v2\/posts\/2377\/revisions\/2385"}],"wp:featuredmedia":[{"embeddable":true,"href":"https:\/\/blog.petertauber.de\/index.php?rest_route=\/wp\/v2\/media\/2378"}],"wp:attachment":[{"href":"https:\/\/blog.petertauber.de\/index.php?rest_route=%2Fwp%2Fv2%2Fmedia&parent=2377"}],"wp:term":[{"taxonomy":"category","embeddable":true,"href":"https:\/\/blog.petertauber.de\/index.php?rest_route=%2Fwp%2Fv2%2Fcategories&post=2377"},{"taxonomy":"post_tag","embeddable":true,"href":"https:\/\/blog.petertauber.de\/index.php?rest_route=%2Fwp%2Fv2%2Ftags&post=2377"}],"curies":[{"name":"wp","href":"https:\/\/api.w.org\/{rel}","templated":true}]}}