{"id":168,"date":"2010-08-24T19:48:27","date_gmt":"2010-08-24T18:48:27","guid":{"rendered":"http:\/\/petertauber.wordpress.com\/?p=168"},"modified":"2010-08-24T19:48:27","modified_gmt":"2010-08-24T18:48:27","slug":"dein-jahr-fur-deutschland","status":"publish","type":"post","link":"https:\/\/blog.petertauber.de\/?p=168","title":{"rendered":"\u201eDein Jahr f\u00fcr Deutschland\u201c"},"content":{"rendered":"<p><strong>Ein Pl\u00e4doyer f\u00fcr einen neuen bundesweiten Freiwilligendienst<\/strong><\/p>\n<p>Parallel zu den Vorschl\u00e4gen des Bundesverteidigungsministers zur Zukunft der Bundeswehr und des Wehrdienstes hat Bundesfamilienministerin Dr. Kristina Schr\u00f6der sich im Falle einer Aussetzung der Wehrpflicht f\u00fcr einen freiwilligen Zivildienst ausgesprochen. An dieser Idee gab es gleich viel Kritik von SPD und Gr\u00fcnen, aber auch von der FDP und denjenigen, die sich bis dato in den Freiwilligendiensten &#8211; im Freiwilligen Sozialen Jahr und im Freiwilligen \u00d6kologischen Jahr &#8211; engagieren. Ministerin Schr\u00f6der hatte vorgeschlagen, die Freiwilligen k\u00fcnftig deutlich besser zu bezahlen. Nun droht die Gefahr, dass ein neuer freiwilliger Zivildienst die bereits existierenden Freiwilligendienste verdr\u00e4ngt. Wer den Vorschlag Schr\u00f6ders weiterdenkt, der kann nur zu einem Ergebnis kommen: Ein Ende des klassischen Zivildienstes bietet die Chance zur Etablierung eines neuen bundesweiten Freiwilligendienstes, in dem die besten Punkte aus Zivildienst und den Freiwilligendiensten in dem neuen Dienst aufgehen.<\/p>\n<p>Die Debatte um das k\u00fcnftige gesellschaftliche und soziale Engagement junger Menschen darf an dieser Stelle nicht der Verteidigung von Strukturen und Besitzstandwahrung scheitern. Den Eindruck kann man n\u00e4mlich gewinnen, wenn man die ersten Wortmeldungen nach dem Vorschlag der Ministerin, der bewusst als Diskussionsgrundlage verstanden werden sollte, h\u00f6rt. Das eigentliche Ziel, das b\u00fcrgerschaftliche Engagement \u00a0zu st\u00e4rken und die Bereitschaft junger M\u00e4nner und Frauen zu dienen, darf nicht aus den Augen verloren werden. Wir haben hier die Gelegenheit, einen wichtigen gesellschaftspolitischen Beitrag f\u00fcr das auch im Koalitionsvertrag formulierte Ziel, den gesellschaftlichen Zusammenhalt zu st\u00e4rken, zu leisten.<\/p>\n<p>Um einen bundesweiten Freiwilligendienst etablieren zu k\u00f6nnen, der \u00e4hnlich wie im FSJ und dem bisherigen Zivildienst den Tr\u00e4gern ein gr\u00f6\u00dftm\u00f6gliches Ma\u00df an Eigenverantwortung zumisst, bedarf es einer klaren Neuregelung der Zust\u00e4ndigkeit. War bisher der Bund f\u00fcr den Zivildienst zust\u00e4ndig und hatte im Bereich der Freiwilligendienste nur eingeschr\u00e4nkt Kompetenzen, so ist hier eine Neuregelung notwendig und anzustreben. Wenn der Bund k\u00fcnftig f\u00fcr die Freiwilligendienste deutlich mehr Mittel zur Verf\u00fcgung stellt, dann muss er auch eine klare Zust\u00e4ndigkeit haben. Dies bedeutet nicht, dass die L\u00e4nder ihr bisheriges Engagement reduzieren sollten \u2013 im Gegenteil. Junge Menschen f\u00fcr einen freiwilligen Dienst f\u00fcr unser Land zu begeistern, wird k\u00fcnftig eine gesamtgesellschaftliche Aufgabe sein.<\/p>\n<p>Uneingeschr\u00e4nkt unterst\u00fctzen sollte man die Idee von Kristina Schr\u00f6der, den Freiwilligen k\u00fcnftig eine h\u00f6here Pauschale zukommen zu lassen. Ein Betrag von circa 500,00 Euro ist ein erstrebenswertes Ziel, dass dann im Rahmen eines neuen Freiwilligendienstes auch das Prinzip des Freiwilligen Sozialen Jahres entsprechend aufwerten w\u00fcrde. Wichtig ist dabei auch, k\u00fcnftig alle Freiwillige unabh\u00e4ngig ihres Einsatzbereiches zu entlohnen. Die teilweise gro\u00dfen Unterschiede sind nicht gerecht.<\/p>\n<p>Auch das Ziel, die Einsatzm\u00f6glichkeiten der Freiwilligen zu erweitern, ist zu unterst\u00fctzen. Dies tr\u00e4gt den unterschiedlichen Interessen und F\u00e4higkeiten der jungen Menschen Rechnung, die dann nicht nur im sozialen Bereich, sondern im Umweltschutz, in der Kultur, dem Sport oder auch der Politik einen Freiwilligendienst leisten k\u00f6nnen. Einhergehen m\u00fcsste dies dann mit dem Prinzip, den Freiwilligendienst als einen Lerndienst weiter zu entwickeln, der den Mehrwert f\u00fcr die jungen Menschen selbst \u00fcber den gesellschaftlichen Nutzen hinaus erkennbar macht.<\/p>\n<p>Wenn man dann noch \u00fcberlegt, die Freiwilligen aus den unterschiedlichen Bereichen unter Hinzuziehung der Freiwilligen der Bundeswehr im Rahmen der vorgesehenen Bildungsseminare zusammenzubringen, dann kann das Bewusstsein dieser jungen Generation f\u00fcr die gemeinsame Verantwortung f\u00fcr unser Land wachsen.<\/p>\n<p>Man sollte sich nichts vormachen. Nicht jeder junge Mensch wird f\u00fcr sich auf Anhieb die pers\u00f6nlichen Chancen eines solchen Dienstes erkennen. Die notwendige Anerkennungskultur muss sich erst noch entwickeln und zweifellos von der Politik entsprechend gef\u00f6rdert werden. Die notwendigen Strukturen zu schaffen ist daher das eine. Wichtig w\u00e4re dann als notwendiger zweiter Schritt eine breit angelegte \u00f6ffentliche Kampagne. Begleitet werden sollte dies daher mit einer bundesweiten Kampagne, die jungen Menschen Sinn und Zweck eines freiwilligen ehrenamtlichen Engagements n\u00e4herbringt. Eins ist klar: Unsere Gesellschaft braucht k\u00fcnftig mehr denn je die Bereitschaft jedes Einzelnen f\u00fcr unser Land Verantwortung zu \u00fcbernehmen. Auch deshalb ist es nicht altmodisch, jungen Menschen zu sagen, dass \u201eDein Jahr f\u00fcr Deutschland\u201c eine lohnende Investition in die Zukunft ist. In die eigene Zukunft und in die Zukunft unserer Gesellschaft. Darum brauchen wir einen neuen bundesweiten Freiwilligendienst.<\/p>\n","protected":false},"excerpt":{"rendered":"<div class=\"entry-summary\"><p>Ein Pl\u00e4doyer f\u00fcr einen neuen bundesweiten Freiwilligendienst Parallel zu den Vorschl\u00e4gen des Bundesverteidigungsministers zur Zukunft der Bundeswehr und des Wehrdienstes&hellip;<\/p>\n<\/div>\n<div class=\"link-more\">\n\t<a href=\"https:\/\/blog.petertauber.de\/?p=168\" class=\"more-link\">\n\t\tWeiterlesen<span class=\"screen-reader-text\"> &ldquo;\u201eDein Jahr f\u00fcr Deutschland\u201c&rdquo;<\/span>&hellip;\t<\/a>\n<\/div>\n","protected":false},"author":2,"featured_media":0,"comment_status":"open","ping_status":"open","sticky":false,"template":"","format":"standard","meta":{"jetpack_post_was_ever_published":false,"_jetpack_newsletter_access":"","_jetpack_dont_email_post_to_subs":false,"_jetpack_newsletter_tier_id":0,"_jetpack_memberships_contains_paywalled_content":false,"footnotes":"","_jetpack_memberships_contains_paid_content":false,"jetpack_publicize_message":"","jetpack_publicize_feature_enabled":true,"jetpack_social_post_already_shared":false,"jetpack_social_options":{"image_generator_settings":{"template":"highway","enabled":false},"version":2}},"categories":[6],"tags":[42,52,64,169],"jetpack_publicize_connections":[],"jetpack_sharing_enabled":true,"jetpack_featured_media_url":"","jetpack_shortlink":"https:\/\/wp.me\/p35WCI-2I","_links":{"self":[{"href":"https:\/\/blog.petertauber.de\/index.php?rest_route=\/wp\/v2\/posts\/168"}],"collection":[{"href":"https:\/\/blog.petertauber.de\/index.php?rest_route=\/wp\/v2\/posts"}],"about":[{"href":"https:\/\/blog.petertauber.de\/index.php?rest_route=\/wp\/v2\/types\/post"}],"author":[{"embeddable":true,"href":"https:\/\/blog.petertauber.de\/index.php?rest_route=\/wp\/v2\/users\/2"}],"replies":[{"embeddable":true,"href":"https:\/\/blog.petertauber.de\/index.php?rest_route=%2Fwp%2Fv2%2Fcomments&post=168"}],"version-history":[{"count":0,"href":"https:\/\/blog.petertauber.de\/index.php?rest_route=\/wp\/v2\/posts\/168\/revisions"}],"wp:attachment":[{"href":"https:\/\/blog.petertauber.de\/index.php?rest_route=%2Fwp%2Fv2%2Fmedia&parent=168"}],"wp:term":[{"taxonomy":"category","embeddable":true,"href":"https:\/\/blog.petertauber.de\/index.php?rest_route=%2Fwp%2Fv2%2Fcategories&post=168"},{"taxonomy":"post_tag","embeddable":true,"href":"https:\/\/blog.petertauber.de\/index.php?rest_route=%2Fwp%2Fv2%2Ftags&post=168"}],"curies":[{"name":"wp","href":"https:\/\/api.w.org\/{rel}","templated":true}]}}