{"id":1435,"date":"2012-12-22T13:36:10","date_gmt":"2012-12-22T12:36:10","guid":{"rendered":"http:\/\/petertauber.wordpress.com\/?p=1435"},"modified":"2017-02-16T09:22:00","modified_gmt":"2017-02-16T09:22:00","slug":"menschen-die-mich-dieses-jahr-beeindruckt-haben","status":"publish","type":"post","link":"https:\/\/blog.petertauber.de\/?p=1435","title":{"rendered":"Menschen, die mich dieses Jahr beeindruckt haben."},"content":{"rendered":"<p>Das sch\u00f6ne an meiner Arbeit als Bundestagsabgeordneter ist, dass ich immer wieder Menschen treffe, die mich tief beeindrucken und die aus meiner Sicht echte Vorbilder sind. Schon letztes Jahr habe ich an dieser Stelle von ihnen berichtet. Auch in den letzten Monaten sind sie mir wieder begegnet und mit ihrem Tun sind sie f\u00fcr mich eine stetige Motivation.<\/p>\n<p>Einer dieser Menschen ist auf jeden Fall Martin Stolle. Der junge Mann, der an Leuk\u00e4mie erkrankt ist, hat eine Welle der Solidarit\u00e4t ausgel\u00f6st. Allen, die ihn unterst\u00fctzen, die f\u00fcr ihn eine Typisierungsaktion organisiert haben, die \u00fcberregionale Aufmerksamkeit und 5.000 Menschen erreichte, muss man ein gro\u00dfes Dankesch\u00f6n sagen. Martin Stolle selbst ist eine beeindruckende Pers\u00f6nlichkeit, weil er wahrscheinlich auch aufgrund seiner Art diese Solidarisierungswelle ausgel\u00f6st hat, sondern weil er es sich zum Ziel gemacht hat, anderen Mut zu machen, in dem er ganz offen \u00fcber seine Krankheit spricht und auf Facebook andere teilhaben l\u00e4sst. Dass f\u00fcr ihn ein passender Knochenmarkspender gefunden wurde, ist ein Gl\u00fccksfall. Die positive Lebenseinstellung des jungen Mannes auch.<\/p>\n<p>Neulich habe ich Hanna Boeckler, geboren am 2. Juni 1929, kennengelernt. Sie ist die \u00e4lteste Bundesfreiwillige und leistet ihren Dienst in einer kirchlichen Einrichtung ab. Die r\u00fcstige Dame hat mir sehr engagiert von ihrer t\u00e4glichen Arbeit berichtet. Sie ist eine echte Br\u00fccke zwischen den Generationen. Das zeigt, dass es gut war, nach dem Ende des Zivildienstes die Freiwilligendienste deutlich auszubauen. Es ist sch\u00f6n, dass es so viele Menschen gibt, die bereit sind, ein Jahr freiwillig einen Dienst f\u00fcr unser Land zu leisten. Die junge Freiwillige Sami Barenz, die in Meerholz ihren Dienst tut, hat ihre Motivation in einem Satz zusammengefasst. Auch sie hat mich mit ihrer offenen Art ber\u00fchrt. Sie hat gesagt: \u201eIch wollte gerne Gutes tun.\u201c Sch\u00f6ner kann man es nicht sagen.<\/p>\n<p>\u00dcberrascht hat nicht nur mich die Nachricht, dass sich der Gr\u00fcndauer B\u00fcrgermeister Heiko Merz daf\u00fcr entschieden hat, nicht wieder f\u00fcr das Amt zu kandidieren. Das ist ein ungew\u00f6hnlicher Schritt \u2013 gerade weil Merz vor Ort auch nicht mit einem Thema konfrontiert war,  dass die Menschen so aufgebracht hat, das er im Amt zerrieben worden w\u00e4re. Das Gegenteil ist der Fall. Er ist allseits beliebt und auch ich sch\u00e4tze ihn menschlich sehr. Wir hatten immer ein gutes und kollegiales Miteinander \u00fcber die Grenzen der Parteien hinweg. Darum will ich mich nicht an den Spekulationen f\u00fcr die Gr\u00fcnde beteiligen. Ich stelle nur fest, dass es in der Politik ruhig mehr Charaktere wie ihn geben sollte.<\/p>\n<p>Intensiven Kontakt hatte ich dieses Jahr zum THW. Die Kameraden in Bad Orb haben mit ihrer Ortsgruppe ein gro\u00dfes Jubil\u00e4um gefeiert. Ich freue mich, dass ich in Berlin daf\u00fcr sorgen konnte, dass wir die Mittel f\u00fcr das THW, das im Gegensatz zu den Feuerwehren vom Bund finanziert wird, erh\u00f6ht haben. Generell sollten wir uns vornehmen, allen Freiwilligen bei den Feuerwehren, dem DRK und dem THW f\u00fcr ihren Einsatz zu danken. Das kann man gar nicht oft genug tun. Darum sei es hier noch einmal gesagt: \u201eDanke liebe M\u00e4nner und Frauen! Ihr Einsatz ist im wahrsten Sinne des Wortes Gold wert.\u201c<\/p>\n<p>F\u00fcr das kommende Jahr freue ich mich wieder auf viele Begegnungen vor Ort. Der wahre Reichtum dieses Landes sind die Menschen, die anpacken, die etwas erreichen, die Verantwortung f\u00fcr andere \u00fcbernehmen und nicht nur meckern und jammern. Das gilt f\u00fcr die verantwortlich handelnden Unternehmer genauso wie f\u00fcr die engagierten Mitglieder der vielen kirchlichen und sozialen Initiativen. Es gilt f\u00fcr die Jugendlichen, die sich gesellschaftlich und politisch engagieren, sowie auch die Senioren, die den \u201eRuhestand\u201c nutzen, um weiter ehrenamtlich Verantwortung zu \u00fcbernehmen. Sie alle braucht unser Land. Und sie sind f\u00fcr mich t\u00e4glich ein neuer Ansporn f\u00fcr meine Arbeit. Und da ich viele solcher Menschen kenne, schaue ich optimistisch in die Zukunft.<\/p>\n","protected":false},"excerpt":{"rendered":"<div class=\"entry-summary\"><p>Das sch\u00f6ne an meiner Arbeit als Bundestagsabgeordneter ist, dass ich immer wieder Menschen treffe, die mich tief beeindrucken und die&hellip;<\/p>\n<\/div>\n<div class=\"link-more\">\n\t<a href=\"https:\/\/blog.petertauber.de\/?p=1435\" class=\"more-link\">\n\t\tWeiterlesen<span class=\"screen-reader-text\"> &ldquo;Menschen, die mich dieses Jahr beeindruckt haben.&rdquo;<\/span>&hellip;\t<\/a>\n<\/div>\n","protected":false},"author":2,"featured_media":0,"comment_status":"open","ping_status":"open","sticky":false,"template":"","format":"standard","meta":{"jetpack_post_was_ever_published":false,"_jetpack_newsletter_access":"","_jetpack_dont_email_post_to_subs":false,"_jetpack_newsletter_tier_id":0,"_jetpack_memberships_contains_paywalled_content":false,"footnotes":"","_jetpack_memberships_contains_paid_content":false,"jetpack_publicize_message":"","jetpack_publicize_feature_enabled":true,"jetpack_social_post_already_shared":false,"jetpack_social_options":{"image_generator_settings":{"template":"highway","enabled":false},"version":2}},"categories":[785,6,7],"tags":[269,285,286,95,324,119,347,376],"jetpack_publicize_connections":[],"jetpack_sharing_enabled":true,"jetpack_featured_media_url":"","jetpack_shortlink":"https:\/\/wp.me\/p35WCI-n9","_links":{"self":[{"href":"https:\/\/blog.petertauber.de\/index.php?rest_route=\/wp\/v2\/posts\/1435"}],"collection":[{"href":"https:\/\/blog.petertauber.de\/index.php?rest_route=\/wp\/v2\/posts"}],"about":[{"href":"https:\/\/blog.petertauber.de\/index.php?rest_route=\/wp\/v2\/types\/post"}],"author":[{"embeddable":true,"href":"https:\/\/blog.petertauber.de\/index.php?rest_route=\/wp\/v2\/users\/2"}],"replies":[{"embeddable":true,"href":"https:\/\/blog.petertauber.de\/index.php?rest_route=%2Fwp%2Fv2%2Fcomments&post=1435"}],"version-history":[{"count":1,"href":"https:\/\/blog.petertauber.de\/index.php?rest_route=\/wp\/v2\/posts\/1435\/revisions"}],"predecessor-version":[{"id":2967,"href":"https:\/\/blog.petertauber.de\/index.php?rest_route=\/wp\/v2\/posts\/1435\/revisions\/2967"}],"wp:attachment":[{"href":"https:\/\/blog.petertauber.de\/index.php?rest_route=%2Fwp%2Fv2%2Fmedia&parent=1435"}],"wp:term":[{"taxonomy":"category","embeddable":true,"href":"https:\/\/blog.petertauber.de\/index.php?rest_route=%2Fwp%2Fv2%2Fcategories&post=1435"},{"taxonomy":"post_tag","embeddable":true,"href":"https:\/\/blog.petertauber.de\/index.php?rest_route=%2Fwp%2Fv2%2Ftags&post=1435"}],"curies":[{"name":"wp","href":"https:\/\/api.w.org\/{rel}","templated":true}]}}